{"id":9916,"date":"2020-04-29T04:13:10","date_gmt":"2020-04-29T09:13:10","guid":{"rendered":"http:\/\/www.macquero.com\/?p=9916"},"modified":"2021-11-25T20:19:49","modified_gmt":"2021-11-26T02:19:49","slug":"estreno-a-tres-metros-sobre-el-cielo-tre-metri-sopra-il-cielo-summertime","status":"publish","type":"post","link":"https:\/\/www.macquero.com\/en\/2020\/04\/estreno-a-tres-metros-sobre-el-cielo-tre-metri-sopra-il-cielo-summertime\/","title":{"rendered":"A tres metros sobre el cielo. &#8211; Tre metri sopra il cielo. &#8211; Summertime."},"content":{"rendered":"<p>Puntuaci\u00f3n: &#x2b50;&#x2b50;<\/p>\n\n\n\n<p>Acaba de aterrizar a la plataforma una nueva serie.<\/p>\n\n\n\n<p>Este nuevo proyecto de Netflix como serie original, est\u00e1 dirigido por Lorenzo Sportiello y Francesco Lagi. Es una producci\u00f3n italiana basada en la novela de Federico Moccia. En ella veremos un drama &#8220;conceptualmente diferente&#8221; formando parte del&nbsp;extenso cat\u00e1logo de series con tintes rom\u00e1nticos pero tambi\u00e9n con un toque de telenovela.<\/p>\n\n\n\n<p>Por su tem\u00e1tica me dorm\u00ed. &#x1f634; Esto no significa que sea mala, simplemente encaja con otros gustos. <\/p>\n\n\n\n<p>A lo largo de ocho episodios, est\u00e1 ficci\u00f3n rodada en italiano retratar\u00e1 los tres meses de verano que viven este grupo de amigos. Summer (<a rel=\"noreferrer noopener\" aria-label=\"Rebecca Coco Edogamhe (opens in a new tab)\" href=\"https:\/\/www.instagram.com\/cocorebecca_\" target=\"_blank\"><strong>Rebecca Coco Edogamhe<\/strong><\/a>), Alessandro (Ludovico Tersigni), Sof\u00eda (<a rel=\"noreferrer noopener\" aria-label=\"Amanda Campana (opens in a new tab)\" href=\"https:\/\/www.instagram.com\/amanda.yr\" target=\"_blank\"><strong>Amanda Campana<\/strong><\/a>), Dar\u00edo (Andrea Lattanzi) y Edo (Giovanni Maini) en la costa adri\u00e1tica de Italia y&nbsp;que cambiar\u00e1 sus vidas para siempre. <\/p>\n\n\n\n<h3 class=\"wp-block-heading\">Accesibilidad<\/h3>\n\n\n\n<p>Puedes disfrutarla en su idioma original (italiano), con subt\u00edtulos en espa\u00f1ol. Sin embargo tiene una mejor traducci\u00f3n de subt\u00edtulos, escuch\u00e1ndola en ingl\u00e9s. Pero, t\u00fa decides. <\/p>","protected":false},"excerpt":{"rendered":"<p>Puntuaci\u00f3n: &#x2b50;&#x2b50; Acaba de aterrizar a la plataforma una nueva serie. Este nuevo proyecto de Netflix como serie original, est\u00e1 dirigido por Lorenzo Sportiello y Francesco Lagi. Es una producci\u00f3n italiana basada en la novela de Federico Moccia. En ella veremos un drama &#8220;conceptualmente diferente&#8221; formando parte del&nbsp;extenso cat\u00e1logo de series con tintes rom\u00e1nticos pero &hellip;<\/p>","protected":false},"author":2,"featured_media":9920,"comment_status":"closed","ping_status":"closed","sticky":false,"template":"","format":"standard","meta":{"jetpack_post_was_ever_published":false,"_jetpack_newsletter_access":"","_jetpack_dont_email_post_to_subs":false,"_jetpack_newsletter_tier_id":0,"_jetpack_memberships_contains_paywalled_content":false,"_jetpack_memberships_contains_paid_content":false,"footnotes":"","jetpack_publicize_message":"","jetpack_publicize_feature_enabled":true,"jetpack_social_post_already_shared":true,"jetpack_social_options":{"image_generator_settings":{"template":"highway","default_image_id":0,"font":"","enabled":false},"version":2}},"categories":[733,732],"tags":[801,838],"class_list":["post-9916","post","type-post","status-publish","format-standard","has-post-thumbnail","hentry","category-originales-de-netflix","category-series","tag-drama-juvenil","tag-telenovelesco"],"jetpack_publicize_connections":[],"jetpack_featured_media_url":"https:\/\/www.macquero.com\/wp-content\/uploads\/2020\/04\/www.macquero.com-estreno-a-tres-metros-sobre-el-cielo-tre-metri-sopra-il-cielo-summertime-captura-de-pantalla-2020-04-29-a-las-5.07.36-a.-m..png","jetpack_sharing_enabled":true,"_links":{"self":[{"href":"https:\/\/www.macquero.com\/en\/wp-json\/wp\/v2\/posts\/9916","targetHints":{"allow":["GET"]}}],"collection":[{"href":"https:\/\/www.macquero.com\/en\/wp-json\/wp\/v2\/posts"}],"about":[{"href":"https:\/\/www.macquero.com\/en\/wp-json\/wp\/v2\/types\/post"}],"author":[{"embeddable":true,"href":"https:\/\/www.macquero.com\/en\/wp-json\/wp\/v2\/users\/2"}],"replies":[{"embeddable":true,"href":"https:\/\/www.macquero.com\/en\/wp-json\/wp\/v2\/comments?post=9916"}],"version-history":[{"count":5,"href":"https:\/\/www.macquero.com\/en\/wp-json\/wp\/v2\/posts\/9916\/revisions"}],"predecessor-version":[{"id":15970,"href":"https:\/\/www.macquero.com\/en\/wp-json\/wp\/v2\/posts\/9916\/revisions\/15970"}],"wp:featuredmedia":[{"embeddable":true,"href":"https:\/\/www.macquero.com\/en\/wp-json\/wp\/v2\/media\/9920"}],"wp:attachment":[{"href":"https:\/\/www.macquero.com\/en\/wp-json\/wp\/v2\/media?parent=9916"}],"wp:term":[{"taxonomy":"category","embeddable":true,"href":"https:\/\/www.macquero.com\/en\/wp-json\/wp\/v2\/categories?post=9916"},{"taxonomy":"post_tag","embeddable":true,"href":"https:\/\/www.macquero.com\/en\/wp-json\/wp\/v2\/tags?post=9916"}],"curies":[{"name":"wp","href":"https:\/\/api.w.org\/{rel}","templated":true}]}}