{"id":9713,"date":"2020-04-03T01:07:02","date_gmt":"2020-04-03T07:07:02","guid":{"rendered":"http:\/\/www.macquero.com\/?p=9713"},"modified":"2020-04-03T01:47:58","modified_gmt":"2020-04-03T07:47:58","slug":"analisis-guerra-mundial-z-world-war-z","status":"publish","type":"post","link":"https:\/\/www.macquero.com\/en\/2020\/04\/analisis-guerra-mundial-z-world-war-z\/","title":{"rendered":"An\u00e1lisis: Guerra Mundial Z. &#8211; World WAR Z."},"content":{"rendered":"<p>Ayer me encontr\u00e9 en tendencias la siguiente recomendaci\u00f3n para que est\u00e9s en casa sin moverte.<\/p>\n\n\n\n<h3 class=\"wp-block-heading\">Sipnosis<\/h3>\n\n\n\n<p><em>Guerra mundial Z<\/em>&nbsp;(en ingl\u00e9s&nbsp;<em>World War Z<\/em>) es una&nbsp;<em>pel\u00edcula<\/em>&nbsp;estadounidense postapocal\u00edptica de 2013 dirigida por Marc Forster y protagonizada por Brad Pitt.<\/p>\n\n\n\n<figure class=\"wp-block-embed-youtube wp-block-embed is-type-video is-provider-youtube wp-embed-aspect-16-9 wp-has-aspect-ratio\"><div class=\"wp-block-embed__wrapper\">\n<span class=\"embed-youtube\" style=\"text-align:center; display: block;\"><iframe loading=\"lazy\" class=\"youtube-player\" width=\"640\" height=\"360\" src=\"https:\/\/www.youtube.com\/embed\/Md6Dvxdr0AQ?version=3&#038;rel=1&#038;showsearch=0&#038;showinfo=1&#038;iv_load_policy=1&#038;fs=1&#038;hl=en-US&#038;autohide=2&#038;wmode=transparent\" allowfullscreen=\"true\" style=\"border:0;\" sandbox=\"allow-scripts allow-same-origin allow-popups allow-presentation allow-popups-to-escape-sandbox\"><\/iframe><\/span>\n<\/div><figcaption><strong>Tr\u00e1iler<\/strong><\/figcaption><\/figure>\n\n\n\n<h3 class=\"wp-block-heading\">Valoraci\u00f3n<\/h3>\n\n\n\n<p>Hace tiempo en alg\u00fan lado le\u00ed de los incontables problemas que tuvo debido a las constantes revisiones del gui\u00f3n&nbsp;y las diferencias creativas entre el director y los productores.<\/p>\n\n\n\n<blockquote class=\"wp-block-quote is-layout-flow wp-block-quote-is-layout-flow\"><p>Guerra Mundial Z\u00a0es una novela desafiante narrativamente hablando.<\/p><\/blockquote>\n\n\n\n<p>Todav\u00eda hoy logra enganchar por &#8220;el tema&#8221; que nos ata\u00f1e a todos en estos momentos: con un rodaje intenso, y con un relativo margen entre la fantas\u00eda y la realidad.<\/p>\n\n\n\n<p>A pesar de la rese\u00f1a negativa por parte de la cr\u00edtica especializada, World War Z es una pel\u00edcula que se toma el tiempo para narrar las circunstancias, para recrear las innumerables escenas de tensi\u00f3n y lo logra cargando cada metraje con un aura de incre\u00edble realismo. -Recordemos que las secuencias iniciales nos trasladan a las consecuencias de un posible virus que devasta a toda la humanidad.<\/p>\n\n\n\n<h1 class=\"wp-block-heading\">Producci\u00f3n, maquillaje, fotograf\u00eda y efectos especiales<\/h1>\n\n\n\n<p>Los zombies en esta historia tienen m\u00e1s realismo, -personalmente me record\u00f3 a las terribles y estresantes escenas en la serie de <a rel=\"noreferrer noopener\" aria-label=\"Black Summer (opens in a new tab)\" href=\"\/en\/2020\/02\/analisis-black-summer-que-miedooooo-buenisima\/\" target=\"_blank\"><strong>Black Summer<\/strong><\/a>&#8211; y me refiero con esto al proceso de transformaci\u00f3n. <\/p>\n\n\n\n<p>El maquillaje es coherente, mostrando a estos muertos vivientes tal cual como lucir\u00eda un ser humano preso de una fatal infecci\u00f3n. &#8220;Los movimientos tambi\u00e9n son diferentes, vemos incluso zombies que se mueven muy r\u00e1pido, a diferencia de lo que hist\u00f3ricamente conocemos en el universo de The Walking Dead&#8221;.<\/p>\n\n\n\n<p class=\"has-text-color has-background has-very-light-gray-color has-very-dark-gray-background-color\">&#8220;Cabe decir que est\u00e9 mes llega una nueva temporada de <strong>The Walking Dead<\/strong>, para que lo tengas presente&#8221;. <\/p>\n\n\n\n<p>Guerra Mundial Z&nbsp;es una mega producci\u00f3n con much\u00edsimos problemas, principalmente de presupuesto, respaldada por cuatro estudios \u2212entre los cuales se encuentra Plan B, fundado por Brad Pitt\u2212, y con un equipo creativo conformado por J.&nbsp;Michael Straczynski, Matthew Michael Carnahan, Damon Lindelof&nbsp;y&nbsp;Drew Goddard. Estos dos \u00faltimos fueron llamados por Paramount para reescribir el final de la pel\u00edcula, pues los ejecutivos de la distribuidora no quedaron muy satisfechos con la versi\u00f3n original.<\/p>","protected":false},"excerpt":{"rendered":"<p>Ayer me encontr\u00e9 en tendencias la siguiente recomendaci\u00f3n para que est\u00e9s en casa sin moverte. Sipnosis Guerra mundial Z&nbsp;(en ingl\u00e9s&nbsp;World War Z) es una&nbsp;pel\u00edcula&nbsp;estadounidense postapocal\u00edptica de 2013 dirigida por Marc Forster y protagonizada por Brad Pitt. Tr\u00e1iler Valoraci\u00f3n Hace tiempo en alg\u00fan lado le\u00ed de los incontables problemas que tuvo debido a las constantes revisiones &hellip;<\/p>","protected":false},"author":2,"featured_media":9715,"comment_status":"closed","ping_status":"closed","sticky":false,"template":"","format":"standard","meta":{"jetpack_post_was_ever_published":false,"_jetpack_newsletter_access":"","_jetpack_dont_email_post_to_subs":false,"_jetpack_newsletter_tier_id":0,"_jetpack_memberships_contains_paywalled_content":false,"_jetpack_memberships_contains_paid_content":false,"footnotes":"","jetpack_publicize_message":"","jetpack_publicize_feature_enabled":true,"jetpack_social_post_already_shared":true,"jetpack_social_options":{"image_generator_settings":{"template":"highway","default_image_id":0,"font":"","enabled":false},"version":2}},"categories":[770,696,766],"tags":[682,431,403,829],"class_list":["post-9713","post","type-post","status-publish","format-standard","has-post-thumbnail","hentry","category-analisis-netflix","category-netflix","category-cine-netflix","tag-accion-y-aventura","tag-ciencia-ficcion","tag-terror","tag-violento"],"jetpack_publicize_connections":[],"jetpack_featured_media_url":"https:\/\/www.macquero.com\/wp-content\/uploads\/2020\/04\/www.macquero.com-analisis-guerra-mundial-z-world-war-z-captura-de-pantalla-2020-04-03-a-las-2.59.19-a.-m..png","jetpack_sharing_enabled":true,"_links":{"self":[{"href":"https:\/\/www.macquero.com\/en\/wp-json\/wp\/v2\/posts\/9713","targetHints":{"allow":["GET"]}}],"collection":[{"href":"https:\/\/www.macquero.com\/en\/wp-json\/wp\/v2\/posts"}],"about":[{"href":"https:\/\/www.macquero.com\/en\/wp-json\/wp\/v2\/types\/post"}],"author":[{"embeddable":true,"href":"https:\/\/www.macquero.com\/en\/wp-json\/wp\/v2\/users\/2"}],"replies":[{"embeddable":true,"href":"https:\/\/www.macquero.com\/en\/wp-json\/wp\/v2\/comments?post=9713"}],"version-history":[{"count":10,"href":"https:\/\/www.macquero.com\/en\/wp-json\/wp\/v2\/posts\/9713\/revisions"}],"predecessor-version":[{"id":9725,"href":"https:\/\/www.macquero.com\/en\/wp-json\/wp\/v2\/posts\/9713\/revisions\/9725"}],"wp:featuredmedia":[{"embeddable":true,"href":"https:\/\/www.macquero.com\/en\/wp-json\/wp\/v2\/media\/9715"}],"wp:attachment":[{"href":"https:\/\/www.macquero.com\/en\/wp-json\/wp\/v2\/media?parent=9713"}],"wp:term":[{"taxonomy":"category","embeddable":true,"href":"https:\/\/www.macquero.com\/en\/wp-json\/wp\/v2\/categories?post=9713"},{"taxonomy":"post_tag","embeddable":true,"href":"https:\/\/www.macquero.com\/en\/wp-json\/wp\/v2\/tags?post=9713"}],"curies":[{"name":"wp","href":"https:\/\/api.w.org\/{rel}","templated":true}]}}