{"id":9607,"date":"2020-03-21T17:23:47","date_gmt":"2020-03-21T23:23:47","guid":{"rendered":"http:\/\/www.macquero.com\/?p=9607"},"modified":"2021-12-02T05:47:31","modified_gmt":"2021-12-02T11:47:31","slug":"opinion-john-wick-2-un-nuevo-dia-para-matar","status":"publish","type":"post","link":"https:\/\/www.macquero.com\/en\/2020\/03\/opinion-john-wick-2-un-nuevo-dia-para-matar\/","title":{"rendered":"John Wick 2: un nuevo d\u00eda para matar."},"content":{"rendered":"<p>Puntuaci\u00f3n: &#x2b50;&#x2b50;<meta charset=\"utf-8\">&#x2b50;<meta charset=\"utf-8\">&#x2b50;<meta charset=\"utf-8\">&#x2b50;<\/p>\n\n\n\n<p>Me acabo de fijar que est\u00e1 pel\u00edcula se encuentra ubicada en el men\u00fa de tendencias.<\/p>\n\n\n\n<h3 class=\"wp-block-heading\">Sipnosis<\/h3>\n\n\n\n<p><strong>John Wick: Chapter 2&nbsp;<\/strong>(titulada&nbsp;John Wick 2: un nuevo d\u00eda para matar&nbsp;en&nbsp;Hispanoam\u00e9rica&nbsp;y&nbsp;John Wick 2: pacto de sangre&nbsp;en&nbsp;Espa\u00f1a) es una pel\u00edcula estadounidense de&nbsp;acci\u00f3n&nbsp;y&nbsp;suspenso&nbsp;de 2017, dirigida por&nbsp;Chad Stahelski&nbsp;y escrita por Derek Kolstad. <\/p>\n\n\n\n<p>Es una secuela del filme de 2014&nbsp;John Wick&nbsp;y est\u00e1 protagonizada por&nbsp;Keanu Reeves,&nbsp;Common,&nbsp;Bridget Moynahan,&nbsp;Ian McShane&nbsp;y&nbsp;John Leguizamo.<\/p>\n\n\n\n<h3 class=\"wp-block-heading\">Valoraci\u00f3n<\/h3>\n\n\n\n<p>Para muchas personas est\u00e1 entrega supera con creces a su antecesora. <\/p>\n\n\n\n<p>La pel\u00edcula arranca exactamente luego del fin de la primera, lo que da una continuidad a la historia y nos sit\u00faa emocionalmente donde nuestro personaje principal se encontraba al finalizar el episodio previo.<\/p>\n\n\n\n<h1 class=\"wp-block-heading\">De vengador a perseguido<\/h1>\n\n\n\n<p>De un vengador en la primera pel\u00edcula, a un perseguido en esta, este detalle no afecta en absoluto el desarrollo de las secuencias de acci\u00f3n. <\/p>\n\n\n\n<p>El film contiene innumerables persecuciones, con brillantes y estimulantes escenas de lucha cuerpo contra cuerpo que lucen m\u00e1s exigentes desde el punto de vista coreogr\u00e1fico y elaboradas de forma convincente elevando el nivel visual de la pel\u00edcula.<\/p>\n\n\n\n<p>Si te gusta el universo plasmado en la saga de est\u00e1 serie de pel\u00edculas, quiz\u00e1s te interese saber que <strong>John Wick 4<\/strong> llegar\u00e1 el 21 de mayo del 2021.<\/p>","protected":false},"excerpt":{"rendered":"<p>Puntuaci\u00f3n: &#x2b50;&#x2b50;&#x2b50;&#x2b50;&#x2b50; Me acabo de fijar que est\u00e1 pel\u00edcula se encuentra ubicada en el men\u00fa de tendencias. Sipnosis John Wick: Chapter 2&nbsp;(titulada&nbsp;John Wick 2: un nuevo d\u00eda para matar&nbsp;en&nbsp;Hispanoam\u00e9rica&nbsp;y&nbsp;John Wick 2: pacto de sangre&nbsp;en&nbsp;Espa\u00f1a) es una pel\u00edcula estadounidense de&nbsp;acci\u00f3n&nbsp;y&nbsp;suspenso&nbsp;de 2017, dirigida por&nbsp;Chad Stahelski&nbsp;y escrita por Derek Kolstad. Es una secuela del filme de 2014&nbsp;John Wick&nbsp;y &hellip;<\/p>","protected":false},"author":2,"featured_media":9610,"comment_status":"closed","ping_status":"closed","sticky":false,"template":"","format":"standard","meta":{"jetpack_post_was_ever_published":false,"_jetpack_newsletter_access":"","_jetpack_dont_email_post_to_subs":false,"_jetpack_newsletter_tier_id":0,"_jetpack_memberships_contains_paywalled_content":false,"_jetpack_memberships_contains_paid_content":false,"footnotes":"","jetpack_publicize_message":"","jetpack_publicize_feature_enabled":true,"jetpack_social_post_already_shared":true,"jetpack_social_options":{"image_generator_settings":{"template":"highway","default_image_id":0,"font":"","enabled":false},"version":2}},"categories":[766],"tags":[682,779],"class_list":["post-9607","post","type-post","status-publish","format-standard","has-post-thumbnail","hentry","category-cine-netflix","tag-accion-y-aventura","tag-emocionante"],"jetpack_publicize_connections":[],"jetpack_featured_media_url":"https:\/\/www.macquero.com\/wp-content\/uploads\/2020\/03\/www.macquero.com-opinion-john-wick-2-un-nuevo-dia-para-matar-captura-de-pantalla-2020-03-21-a-las-7.18.13-p.-m..png","jetpack_sharing_enabled":true,"_links":{"self":[{"href":"https:\/\/www.macquero.com\/en\/wp-json\/wp\/v2\/posts\/9607","targetHints":{"allow":["GET"]}}],"collection":[{"href":"https:\/\/www.macquero.com\/en\/wp-json\/wp\/v2\/posts"}],"about":[{"href":"https:\/\/www.macquero.com\/en\/wp-json\/wp\/v2\/types\/post"}],"author":[{"embeddable":true,"href":"https:\/\/www.macquero.com\/en\/wp-json\/wp\/v2\/users\/2"}],"replies":[{"embeddable":true,"href":"https:\/\/www.macquero.com\/en\/wp-json\/wp\/v2\/comments?post=9607"}],"version-history":[{"count":4,"href":"https:\/\/www.macquero.com\/en\/wp-json\/wp\/v2\/posts\/9607\/revisions"}],"predecessor-version":[{"id":16151,"href":"https:\/\/www.macquero.com\/en\/wp-json\/wp\/v2\/posts\/9607\/revisions\/16151"}],"wp:featuredmedia":[{"embeddable":true,"href":"https:\/\/www.macquero.com\/en\/wp-json\/wp\/v2\/media\/9610"}],"wp:attachment":[{"href":"https:\/\/www.macquero.com\/en\/wp-json\/wp\/v2\/media?parent=9607"}],"wp:term":[{"taxonomy":"category","embeddable":true,"href":"https:\/\/www.macquero.com\/en\/wp-json\/wp\/v2\/categories?post=9607"},{"taxonomy":"post_tag","embeddable":true,"href":"https:\/\/www.macquero.com\/en\/wp-json\/wp\/v2\/tags?post=9607"}],"curies":[{"name":"wp","href":"https:\/\/api.w.org\/{rel}","templated":true}]}}