{"id":9597,"date":"2020-03-21T00:19:57","date_gmt":"2020-03-21T06:19:57","guid":{"rendered":"http:\/\/www.macquero.com\/?p=9597"},"modified":"2021-10-27T01:57:03","modified_gmt":"2021-10-27T06:57:03","slug":"analisis-dare-me-retame","status":"publish","type":"post","link":"https:\/\/www.macquero.com\/en\/2020\/03\/analisis-dare-me-retame\/","title":{"rendered":"Dare me. &#8211; R\u00e9tame."},"content":{"rendered":"<p>Puntuaci\u00f3n: &#x2b50;&#x2b50;&#x2b50;<\/p>\n\n\n\n<p>Nuevas series se estrenan en la plataforma el fin de semana y una de ellas es Dare Me.<\/p>\n\n\n\n<h3 class=\"wp-block-heading\">Sipnosis<\/h3>\n\n\n\n<p>Dos jovencitas ponen su amistad a prueba cuando la nueva entrenadora llega a la ciudad lista para preparar al equipo de animadoras de una competencia.<\/p>\n\n\n\n<h3 class=\"wp-block-heading\">Valoraci\u00f3n<\/h3>\n\n\n\n<p><a href=\"https:\/\/www.instagram.com\/daremetv\/\" target=\"_blank\" rel=\"noreferrer noopener\" aria-label=\"Dare Me (opens in a new tab)\"><strong>Dare Me<\/strong><\/a>&nbsp;est\u00e1 basada en la novela hom\u00f3nima de Megan Abbott, quien se ha encargado personalmente de hacer la adaptaci\u00f3n a la pantalla junto a Gina Fattore.<\/p>\n\n\n\n<blockquote class=\"wp-block-quote is-layout-flow wp-block-quote-is-layout-flow\"><p>Me enganch\u00f3 por el elenco femenino encabezado por Willa Fitzgerald (Colette French), Marlo Kelly (Beth Cassidy), y Herizen F. Guardiola (Addy Hanlon).  <\/p><\/blockquote>\n\n\n\n<p><strong>La trama central<\/strong> de la serie gira en torno a <strong>Addy y Beth<\/strong>, dos amigas que ven c\u00f3mo su relaci\u00f3n se trastorna con&nbsp;la llegada de la nueva, carism\u00e1tica y misteriosa entrenadora del exigente equipo de animadoras&nbsp;al que ambas pertenecen. <\/p>\n\n\n\n<p>Un crimen en condiciones extra\u00f1as desatar\u00e1 una historia llena de ambici\u00f3n, poder, &#8220;manipulaci\u00f3n&#8221; con relaciones diametralmente ponzo\u00f1osas. Pero tambi\u00e9n veremos personajes llenas de deseo, pasi\u00f3n y situaciones riesgosas.<\/p>\n\n\n\n<p>Esta catalogada como siniestra, pero yo la encasillar\u00eda en misterio. Con 10 episodios de 43min aproximados, cierra con muchas preguntas, finalizando la primera temporada en mi opini\u00f3n de forma inaceptable. <\/p>","protected":false},"excerpt":{"rendered":"<p>Puntuaci\u00f3n: &#x2b50;&#x2b50;&#x2b50; Nuevas series se estrenan en la plataforma el fin de semana y una de ellas es Dare Me. Sipnosis Dos jovencitas ponen su amistad a prueba cuando la nueva entrenadora llega a la ciudad lista para preparar al equipo de animadoras de una competencia. Valoraci\u00f3n Dare Me&nbsp;est\u00e1 basada en la novela hom\u00f3nima de &hellip;<\/p>","protected":false},"author":2,"featured_media":9600,"comment_status":"closed","ping_status":"closed","sticky":false,"template":"","format":"standard","meta":{"jetpack_post_was_ever_published":false,"_jetpack_newsletter_access":"","_jetpack_dont_email_post_to_subs":false,"_jetpack_newsletter_tier_id":0,"_jetpack_memberships_contains_paywalled_content":false,"_jetpack_memberships_contains_paid_content":false,"footnotes":"","jetpack_publicize_message":"","jetpack_publicize_feature_enabled":true,"jetpack_social_post_already_shared":true,"jetpack_social_options":{"image_generator_settings":{"template":"highway","default_image_id":0,"font":"","enabled":false},"version":2}},"categories":[733,732],"tags":[801,500],"class_list":["post-9597","post","type-post","status-publish","format-standard","has-post-thumbnail","hentry","category-originales-de-netflix","category-series","tag-drama-juvenil","tag-misterio"],"jetpack_publicize_connections":[],"jetpack_featured_media_url":"https:\/\/www.macquero.com\/wp-content\/uploads\/2020\/03\/www.macquero.com-analisis-dare-me-retame-captura-de-pantalla-2020-03-21-a-las-2.15.28-a.-m..png","jetpack_sharing_enabled":true,"_links":{"self":[{"href":"https:\/\/www.macquero.com\/en\/wp-json\/wp\/v2\/posts\/9597","targetHints":{"allow":["GET"]}}],"collection":[{"href":"https:\/\/www.macquero.com\/en\/wp-json\/wp\/v2\/posts"}],"about":[{"href":"https:\/\/www.macquero.com\/en\/wp-json\/wp\/v2\/types\/post"}],"author":[{"embeddable":true,"href":"https:\/\/www.macquero.com\/en\/wp-json\/wp\/v2\/users\/2"}],"replies":[{"embeddable":true,"href":"https:\/\/www.macquero.com\/en\/wp-json\/wp\/v2\/comments?post=9597"}],"version-history":[{"count":4,"href":"https:\/\/www.macquero.com\/en\/wp-json\/wp\/v2\/posts\/9597\/revisions"}],"predecessor-version":[{"id":15369,"href":"https:\/\/www.macquero.com\/en\/wp-json\/wp\/v2\/posts\/9597\/revisions\/15369"}],"wp:featuredmedia":[{"embeddable":true,"href":"https:\/\/www.macquero.com\/en\/wp-json\/wp\/v2\/media\/9600"}],"wp:attachment":[{"href":"https:\/\/www.macquero.com\/en\/wp-json\/wp\/v2\/media?parent=9597"}],"wp:term":[{"taxonomy":"category","embeddable":true,"href":"https:\/\/www.macquero.com\/en\/wp-json\/wp\/v2\/categories?post=9597"},{"taxonomy":"post_tag","embeddable":true,"href":"https:\/\/www.macquero.com\/en\/wp-json\/wp\/v2\/tags?post=9597"}],"curies":[{"name":"wp","href":"https:\/\/api.w.org\/{rel}","templated":true}]}}