{"id":9590,"date":"2020-03-20T12:05:48","date_gmt":"2020-03-20T18:05:48","guid":{"rendered":"http:\/\/www.macquero.com\/?p=9590"},"modified":"2020-03-20T12:21:46","modified_gmt":"2020-03-20T18:21:46","slug":"facebook-anuncia-un-cambio-de-imagen","status":"publish","type":"post","link":"https:\/\/www.macquero.com\/en\/2020\/03\/facebook-anuncia-un-cambio-de-imagen\/","title":{"rendered":"Facebook anuncia un cambio de imagen."},"content":{"rendered":"<p>Facebook&nbsp;hoy lanz\u00f3 oficialmente su redise\u00f1o de escritorio que ofrece modo obscuro, pantalla de inicio con pesta\u00f1as y un perfil m\u00e1s limpio.<\/p>\n\n\n\n<p>Al iniciar sesi\u00f3n posiblemente encuentres un bot\u00f3n indic\u00e1ndote que ya puedes probar el nuevo dise\u00f1o (c\u00f3mo me sucedi\u00f3 a mi), sin embargo tambi\u00e9n puedes intentar activar el redise\u00f1o siguiendo estos pasos:<\/p>\n\n\n\n<blockquote class=\"wp-block-quote is-layout-flow wp-block-quote-is-layout-flow\"><p>Men\u00fa de configuraci\u00f3n. &#8220;Ver nuevo Facebook&#8221;.&nbsp;Para deshabilitarlo, los usuarios pueden regresar y presionar &#8220;Cambiar a Facebook cl\u00e1sico&#8221;.<\/p><\/blockquote>\n\n\n\n<p>Con una interfaz sorprendente que cautiva todos los sentidos. La nueva versi\u00f3n trae el modo obscuro, que puedes activar y desactivar a trav\u00e9s de un interruptor en el men\u00fa desplegable Configuraci\u00f3n.&nbsp;Est\u00e1 dise\u00f1ado para minimizar el deslumbramiento de la pantalla mientras se mantiene el contraste para que no se deslumbre con un fondo blanco en una habitaci\u00f3n oscura.<\/p>\n\n\n\n<blockquote class=\"wp-block-quote is-layout-flow wp-block-quote-is-layout-flow\"><p>Un salto necesario para los usuarios que trabajamos desde el escritorio.<\/p><\/blockquote>\n\n\n\n<p>Tambi\u00e9n debes saber &#8220;a partir de hoy, la mayor\u00eda de las personas en Facebook tendr\u00e1n acceso al nuevo dise\u00f1o de escritorio&#8221;. Si todav\u00eda no puedes verlo, no te preocupes, est\u00e1n distribuyendo poco a poco.<\/p>\n\n\n\n<p>El redise\u00f1o del escritorio ofrece una navegaci\u00f3n sencilla a trav\u00e9s de pesta\u00f1as y nuevos men\u00fas en las partes superiores, arriba y de cada lado de la interfaz en la pantalla de inicio.&nbsp;<\/p>\n\n\n\n<p>La p\u00e1gina de inicio y las transiciones tambi\u00e9n se cargan m\u00e1s r\u00e1pidamente (algo qu\u00e9 se agradece).&nbsp;Las fuentes m\u00e1s grandes y los dise\u00f1os m\u00e1s sensibles hacen que moverse sea m\u00e1s f\u00e1cil pero sobre todo intuitivo.<\/p>","protected":false},"excerpt":{"rendered":"<p>Facebook&nbsp;hoy lanz\u00f3 oficialmente su redise\u00f1o de escritorio que ofrece modo obscuro, pantalla de inicio con pesta\u00f1as y un perfil m\u00e1s limpio. Al iniciar sesi\u00f3n posiblemente encuentres un bot\u00f3n indic\u00e1ndote que ya puedes probar el nuevo dise\u00f1o (c\u00f3mo me sucedi\u00f3 a mi), sin embargo tambi\u00e9n puedes intentar activar el redise\u00f1o siguiendo estos pasos: Men\u00fa de configuraci\u00f3n. &hellip;<\/p>","protected":false},"author":2,"featured_media":9593,"comment_status":"closed","ping_status":"closed","sticky":false,"template":"","format":"standard","meta":{"jetpack_post_was_ever_published":false,"_jetpack_newsletter_access":"","_jetpack_dont_email_post_to_subs":false,"_jetpack_newsletter_tier_id":0,"_jetpack_memberships_contains_paywalled_content":false,"_jetpack_memberships_contains_paid_content":false,"footnotes":"","jetpack_publicize_message":"","jetpack_publicize_feature_enabled":true,"jetpack_social_post_already_shared":true,"jetpack_social_options":{"image_generator_settings":{"template":"highway","default_image_id":0,"font":"","enabled":false},"version":2}},"categories":[371],"tags":[286],"class_list":["post-9590","post","type-post","status-publish","format-standard","has-post-thumbnail","hentry","category-mac","tag-novedades"],"jetpack_publicize_connections":[],"jetpack_featured_media_url":"https:\/\/www.macquero.com\/wp-content\/uploads\/2020\/03\/www.macquero.com-facebook-anuncia-un-cambio-de-imagen-captura-de-pantalla-2020-03-20-a-las-2.00.48-p.-m..png","jetpack_sharing_enabled":true,"_links":{"self":[{"href":"https:\/\/www.macquero.com\/en\/wp-json\/wp\/v2\/posts\/9590","targetHints":{"allow":["GET"]}}],"collection":[{"href":"https:\/\/www.macquero.com\/en\/wp-json\/wp\/v2\/posts"}],"about":[{"href":"https:\/\/www.macquero.com\/en\/wp-json\/wp\/v2\/types\/post"}],"author":[{"embeddable":true,"href":"https:\/\/www.macquero.com\/en\/wp-json\/wp\/v2\/users\/2"}],"replies":[{"embeddable":true,"href":"https:\/\/www.macquero.com\/en\/wp-json\/wp\/v2\/comments?post=9590"}],"version-history":[{"count":3,"href":"https:\/\/www.macquero.com\/en\/wp-json\/wp\/v2\/posts\/9590\/revisions"}],"predecessor-version":[{"id":9596,"href":"https:\/\/www.macquero.com\/en\/wp-json\/wp\/v2\/posts\/9590\/revisions\/9596"}],"wp:featuredmedia":[{"embeddable":true,"href":"https:\/\/www.macquero.com\/en\/wp-json\/wp\/v2\/media\/9593"}],"wp:attachment":[{"href":"https:\/\/www.macquero.com\/en\/wp-json\/wp\/v2\/media?parent=9590"}],"wp:term":[{"taxonomy":"category","embeddable":true,"href":"https:\/\/www.macquero.com\/en\/wp-json\/wp\/v2\/categories?post=9590"},{"taxonomy":"post_tag","embeddable":true,"href":"https:\/\/www.macquero.com\/en\/wp-json\/wp\/v2\/tags?post=9590"}],"curies":[{"name":"wp","href":"https:\/\/api.w.org\/{rel}","templated":true}]}}