{"id":9553,"date":"2020-03-15T22:41:46","date_gmt":"2020-03-16T04:41:46","guid":{"rendered":"http:\/\/www.macquero.com\/?p=9553"},"modified":"2021-10-26T17:54:16","modified_gmt":"2021-10-26T22:54:16","slug":"analisis-elite-temporada-3-puede-contener-spoiler","status":"publish","type":"post","link":"https:\/\/www.macquero.com\/en\/2020\/03\/analisis-elite-temporada-3-puede-contener-spoiler\/","title":{"rendered":"\u00c9lite. Temporada 3. &#8211; Puede contener spoiler."},"content":{"rendered":"<p>Puntuaci\u00f3n: &#x2b50;&#x2b50;&#x2b50;&#x2b50;<\/p>\n\n\n\n<p>La verdad no me puedo imaginar el estr\u00e9s que sintieron los fans de est\u00e1 serie cuando llego el cierre de la 2da temporada. <\/p>\n\n\n\n<p>Lo cierto es que la 3era temporada me sorprendi\u00f3 sobre todo por los m\u00faltiples giros que se dieron contrastablemente entre el pen\u00faltimo y \u00faltimo episodio.<\/p>\n\n\n\n<h3 class=\"wp-block-heading\">Breve valoraci\u00f3n <\/h3>\n\n\n\n<p>El final de la tercera entrega de \u201c\u00c9lite\u201d cerr\u00f3 varias historias, pero dej\u00f3 abiertas otras con el rumor &#8220;no oficial&#8221; de una cuarta temporada que llegar\u00eda para el 2021 con nuevo elenco.<\/p>\n\n\n\n<p><strong>Lo bueno:<\/strong> Personalmente en mi opini\u00f3n, ya qued\u00f3 saldado el drama central; el cu\u00e1l se tom\u00f3 3 temporadas para darle un cierre que era necesario.<\/p>\n\n\n\n<p><strong>Lo malo:<\/strong> Se pasan de lanza con las escenas LGBT.  Casi no hay escenas hetero y duran escasos segundos.  <\/p>\n\n\n\n<p>Se encuentra en la plataforma en la categor\u00eda de suspenso. Yo no la encasillar\u00eda all\u00ed, aunque s\u00ed tiene una buena f\u00f3rmula que genera emoci\u00f3n e intriga. <\/p>\n\n\n\n<p>Extra\u00f1ar\u00e9 ver a <strong>Danna Paola<\/strong> y <strong>Ester Exp\u00f3sito.<\/strong> <\/p>","protected":false},"excerpt":{"rendered":"<p>Puntuaci\u00f3n: &#x2b50;&#x2b50;&#x2b50;&#x2b50; La verdad no me puedo imaginar el estr\u00e9s que sintieron los fans de est\u00e1 serie cuando llego el cierre de la 2da temporada. Lo cierto es que la 3era temporada me sorprendi\u00f3 sobre todo por los m\u00faltiples giros que se dieron contrastablemente entre el pen\u00faltimo y \u00faltimo episodio. Breve valoraci\u00f3n El final de &hellip;<\/p>","protected":false},"author":2,"featured_media":9555,"comment_status":"closed","ping_status":"closed","sticky":false,"template":"","format":"standard","meta":{"jetpack_post_was_ever_published":false,"_jetpack_newsletter_access":"","_jetpack_dont_email_post_to_subs":false,"_jetpack_newsletter_tier_id":0,"_jetpack_memberships_contains_paywalled_content":false,"_jetpack_memberships_contains_paid_content":false,"footnotes":"","jetpack_publicize_message":"","jetpack_publicize_feature_enabled":true,"jetpack_social_post_already_shared":true,"jetpack_social_options":{"image_generator_settings":{"template":"highway","default_image_id":0,"font":"","enabled":false},"version":2}},"categories":[1019,733],"tags":[791,838],"class_list":["post-9553","post","type-post","status-publish","format-standard","has-post-thumbnail","hentry","category-analisis-y-opinion","category-originales-de-netflix","tag-intriga","tag-telenovelesco"],"jetpack_publicize_connections":[],"jetpack_featured_media_url":"https:\/\/www.macquero.com\/wp-content\/uploads\/2020\/03\/www.macquero.com-analisis-elite-temporada-3-puede-contener-spoiler-captura-de-pantalla-2020-03-16-a-las-12.32.49-a.-m..png","jetpack_sharing_enabled":true,"_links":{"self":[{"href":"https:\/\/www.macquero.com\/en\/wp-json\/wp\/v2\/posts\/9553","targetHints":{"allow":["GET"]}}],"collection":[{"href":"https:\/\/www.macquero.com\/en\/wp-json\/wp\/v2\/posts"}],"about":[{"href":"https:\/\/www.macquero.com\/en\/wp-json\/wp\/v2\/types\/post"}],"author":[{"embeddable":true,"href":"https:\/\/www.macquero.com\/en\/wp-json\/wp\/v2\/users\/2"}],"replies":[{"embeddable":true,"href":"https:\/\/www.macquero.com\/en\/wp-json\/wp\/v2\/comments?post=9553"}],"version-history":[{"count":4,"href":"https:\/\/www.macquero.com\/en\/wp-json\/wp\/v2\/posts\/9553\/revisions"}],"predecessor-version":[{"id":15107,"href":"https:\/\/www.macquero.com\/en\/wp-json\/wp\/v2\/posts\/9553\/revisions\/15107"}],"wp:featuredmedia":[{"embeddable":true,"href":"https:\/\/www.macquero.com\/en\/wp-json\/wp\/v2\/media\/9555"}],"wp:attachment":[{"href":"https:\/\/www.macquero.com\/en\/wp-json\/wp\/v2\/media?parent=9553"}],"wp:term":[{"taxonomy":"category","embeddable":true,"href":"https:\/\/www.macquero.com\/en\/wp-json\/wp\/v2\/categories?post=9553"},{"taxonomy":"post_tag","embeddable":true,"href":"https:\/\/www.macquero.com\/en\/wp-json\/wp\/v2\/tags?post=9553"}],"curies":[{"name":"wp","href":"https:\/\/api.w.org\/{rel}","templated":true}]}}