{"id":9546,"date":"2020-03-14T21:20:51","date_gmt":"2020-03-15T03:20:51","guid":{"rendered":"http:\/\/www.macquero.com\/?p=9546"},"modified":"2021-10-31T18:25:43","modified_gmt":"2021-11-01T00:25:43","slug":"analisis-elite-1era-temporada","status":"publish","type":"post","link":"https:\/\/www.macquero.com\/en\/2020\/03\/analisis-elite-1era-temporada\/","title":{"rendered":"\u00c9lite. -1era temporada."},"content":{"rendered":"<p>Puntuaci\u00f3n: &#x2b50;&#x2b50;&#x2b50;&#x2b50;&#x2b50;<\/p>\n\n\n\n<p>La 3era temporada de est\u00e1 serie, se encuentra disponible desde el d\u00eda de ayer 13 de marzo. Pero, eso ya lo sab\u00edas. <\/p>\n\n\n\n<p>Seguramente te estar\u00e9is preguntando: \u00bfY est\u00e9 t\u00edo qu\u00e9 hace desde la 1era temporada? <strong>-Pues, yo nunca la hab\u00eda visto. <\/strong>-Tengo qu\u00e9 decir que me record\u00f3 por el desarrollo &#8220;de su tem\u00e1tica&#8221; gratamente a la serie <a rel=\"noreferrer noopener\" aria-label=\"13 Reasons Why (opens in a new tab)\" href=\"\/en\/2019\/05\/13-reasons-why\/\" target=\"_blank\"><strong>13 Reasons Why<\/strong><\/a>.<\/p>\n\n\n\n<h4 class=\"wp-block-heading\">Sipnosis &#8211; 1era temporada<\/h4>\n\n\n\n<p>Las Encinas es el colegio m\u00e1s exclusivo de Espa\u00f1a, el lugar donde estudian los hijos de la \u00e9lite y donde acaban de ser admitidos tres j\u00f3venes de clase baja, procedentes de un colegio p\u00fablico en ruinas.<\/p>\n\n\n\n<h4 class=\"wp-block-heading\">Valoraci\u00f3n<\/h4>\n\n\n\n<p>Serie creada por Carlos Montero y Dar\u00edo Madrona,&nbsp;\u00c9lite&nbsp;toma elementos de otras series dirigidas a adolescentes para el formato de resoluci\u00f3n de un  crimen envuelto en misterios.<\/p>\n\n\n\n<p>Unos de los aspectos cardinales de la 1era temporada, es un gui\u00f3n bien pensado, junto a un trabajo de c\u00e1mara elocuente permiti\u00e9ndonos sentir empat\u00eda desde el inicio, por la&nbsp;muerte de un personaje que r\u00e1pidamente se desdobla de la historia central. <\/p>\n\n\n\n<h4 class=\"wp-block-heading\">Final abierto<\/h4>\n\n\n\n<p>Con un final de temporada abierto, la siguiente entrega llega con nuevas caras, y con la misma f\u00f3rmula de su temporada antecesora. <\/p>\n\n\n\n<p>Un manto de misterio y elementos nuevos qu\u00e9 a\u00f1aden nuevos giros de tensi\u00f3n a la trama.<\/p>\n\n\n\n<blockquote class=\"wp-block-quote is-layout-flow wp-block-quote-is-layout-flow\"><p>A\u00fan queda mucha tela que cortar.  <strong>No les voy a mentir.<\/strong><\/p><\/blockquote>\n\n\n\n<p>De entrada la vi, por la espectacular belleza de <a rel=\"noreferrer noopener\" aria-label=\"Danna Paola (opens in a new tab)\" href=\"https:\/\/www.instagram.com\/dannapaola\" target=\"_blank\"><strong>Danna Paola<\/strong><\/a> qui\u00e9n adem\u00e1s de ser una brillante actriz, es cantante y modelo mexicana, ella protagoniza de manera estelar est\u00e1 serie, en compa\u00f1\u00eda de las talentosas actrices de origen espa\u00f1ol: <a rel=\"noreferrer noopener\" aria-label=\"Mar\u00eda Pedraza (opens in a new tab)\" href=\"https:\/\/www.instagram.com\/mariapedraza_\" target=\"_blank\"><strong>Mar\u00eda Pedraza<\/strong><\/a>, <a rel=\"noreferrer noopener\" aria-label=\"Ester Exp\u00f3sito (opens in a new tab)\" href=\"https:\/\/www.instagram.com\/ester_exposito\" target=\"_blank\"><strong>Ester Exp\u00f3sito<\/strong><\/a> y <a rel=\"noreferrer noopener\" aria-label=\"Mina El Hammani (opens in a new tab)\" href=\"https:\/\/www.instagram.com\/minaelhammani\/\" target=\"_blank\"><strong>Mina El Hammani<\/strong><\/a>.  <\/p>","protected":false},"excerpt":{"rendered":"<p>Puntuaci\u00f3n: &#x2b50;&#x2b50;&#x2b50;&#x2b50;&#x2b50; La 3era temporada de est\u00e1 serie, se encuentra disponible desde el d\u00eda de ayer 13 de marzo. Pero, eso ya lo sab\u00edas. Seguramente te estar\u00e9is preguntando: \u00bfY est\u00e9 t\u00edo qu\u00e9 hace desde la 1era temporada? -Pues, yo nunca la hab\u00eda visto. -Tengo qu\u00e9 decir que me record\u00f3 por el desarrollo &#8220;de su tem\u00e1tica&#8221; &hellip;<\/p>","protected":false},"author":2,"featured_media":9550,"comment_status":"closed","ping_status":"closed","sticky":false,"template":"","format":"standard","meta":{"jetpack_post_was_ever_published":false,"_jetpack_newsletter_access":"","_jetpack_dont_email_post_to_subs":false,"_jetpack_newsletter_tier_id":0,"_jetpack_memberships_contains_paywalled_content":false,"_jetpack_memberships_contains_paid_content":false,"footnotes":"","jetpack_publicize_message":"","jetpack_publicize_feature_enabled":true,"jetpack_social_post_already_shared":true,"jetpack_social_options":{"image_generator_settings":{"template":"highway","default_image_id":0,"font":"","enabled":false},"version":2}},"categories":[1019,733],"tags":[791,838],"class_list":["post-9546","post","type-post","status-publish","format-standard","has-post-thumbnail","hentry","category-analisis-y-opinion","category-originales-de-netflix","tag-intriga","tag-telenovelesco"],"jetpack_publicize_connections":[],"jetpack_featured_media_url":"https:\/\/www.macquero.com\/wp-content\/uploads\/2020\/03\/www.macquero.com-analisis-elite-1era-temporada-captura-de-pantalla-2020-03-14-a-las-11.14.45-p.-m..png","jetpack_sharing_enabled":true,"_links":{"self":[{"href":"https:\/\/www.macquero.com\/en\/wp-json\/wp\/v2\/posts\/9546","targetHints":{"allow":["GET"]}}],"collection":[{"href":"https:\/\/www.macquero.com\/en\/wp-json\/wp\/v2\/posts"}],"about":[{"href":"https:\/\/www.macquero.com\/en\/wp-json\/wp\/v2\/types\/post"}],"author":[{"embeddable":true,"href":"https:\/\/www.macquero.com\/en\/wp-json\/wp\/v2\/users\/2"}],"replies":[{"embeddable":true,"href":"https:\/\/www.macquero.com\/en\/wp-json\/wp\/v2\/comments?post=9546"}],"version-history":[{"count":6,"href":"https:\/\/www.macquero.com\/en\/wp-json\/wp\/v2\/posts\/9546\/revisions"}],"predecessor-version":[{"id":14841,"href":"https:\/\/www.macquero.com\/en\/wp-json\/wp\/v2\/posts\/9546\/revisions\/14841"}],"wp:featuredmedia":[{"embeddable":true,"href":"https:\/\/www.macquero.com\/en\/wp-json\/wp\/v2\/media\/9550"}],"wp:attachment":[{"href":"https:\/\/www.macquero.com\/en\/wp-json\/wp\/v2\/media?parent=9546"}],"wp:term":[{"taxonomy":"category","embeddable":true,"href":"https:\/\/www.macquero.com\/en\/wp-json\/wp\/v2\/categories?post=9546"},{"taxonomy":"post_tag","embeddable":true,"href":"https:\/\/www.macquero.com\/en\/wp-json\/wp\/v2\/tags?post=9546"}],"curies":[{"name":"wp","href":"https:\/\/api.w.org\/{rel}","templated":true}]}}