{"id":9414,"date":"2020-02-29T11:57:14","date_gmt":"2020-02-29T16:57:14","guid":{"rendered":"http:\/\/www.macquero.com\/?p=9414"},"modified":"2021-10-30T02:59:43","modified_gmt":"2021-10-30T07:59:43","slug":"opinion-all-the-bright-places-violet-finch-recomendada","status":"publish","type":"post","link":"https:\/\/www.macquero.com\/en\/2020\/02\/opinion-all-the-bright-places-violet-finch-recomendada\/","title":{"rendered":"All the Bright Places. Violet &#038; Finch. \u00a1Recomendada!"},"content":{"rendered":"<p>Puntuaci\u00f3n: &#x2b50;&#x2b50;&#x2b50;&#x2b50;&#x2b50;<\/p>\n\n\n\n<p>Un nuevo drama juvenil nos acompa\u00f1a el fin de semana en calidad de estreno.<\/p>\n\n\n\n<h3 class=\"wp-block-heading\">Sipnosis<\/h3>\n\n\n\n<p>All the Bright Places es una producci\u00f3n de reci\u00e9n estreno en la plataforma. Resaltando en los g\u00e9neros drama y romance producida en Estados Unidos y dirigida por Brett Haley, a partir de un gui\u00f3n de Jennifer Niven y Liz Hannah, basada en la novela del mismo nombre de Niven. <\/p>\n\n\n\n<p>Est\u00e1 protagonizada por Elle Fanning y Justice Smith.<\/p>\n\n\n\n<h3 class=\"wp-block-heading\">Valoraci\u00f3n puede contener spoiler<\/h3>\n\n\n\n<blockquote class=\"wp-block-quote is-layout-flow wp-block-quote-is-layout-flow\"><p>En est\u00e1 historia conocer\u00e1s la vida de&nbsp;Violet Markey (<a rel=\"noreferrer noopener\" aria-label=\"Elle Fanning (opens in a new tab)\" href=\"https:\/\/www.instagram.com\/ellefanning\/\" target=\"_blank\"><strong>Elle Fanning<\/strong><\/a>), una joven atrapada en una depresi\u00f3n, luego de la muerte de su hermana.<\/p><\/blockquote>\n\n\n\n<p>Su vida dar\u00e1 un vuelco cuando aparece Theodore Finch (interpretado por&nbsp;<a rel=\"noreferrer noopener\" aria-label=\"Justice Smith (opens in a new tab)\" href=\"https:\/\/www.instagram.com\/standup4justice\/\" target=\"_blank\"><strong>Justice Smith<\/strong><\/a>), quien la empuja a ver la vida con otro enfoque. Juntos comenzar\u00e1n una relaci\u00f3n en la que luchar\u00e1n por cerrar sus viejas heridas, incluso en la aparente felicidad de Finch.<\/p>\n\n\n\n<p>Entre la dulzura del amor juvenil y las heridas que ocultan, estos personajes viven una monta\u00f1a rusa de emociones en una emotiva y a la vez desgarradora historia de amor.<\/p>","protected":false},"excerpt":{"rendered":"<p>Puntuaci\u00f3n: &#x2b50;&#x2b50;&#x2b50;&#x2b50;&#x2b50; Un nuevo drama juvenil nos acompa\u00f1a el fin de semana en calidad de estreno. Sipnosis All the Bright Places es una producci\u00f3n de reci\u00e9n estreno en la plataforma. Resaltando en los g\u00e9neros drama y romance producida en Estados Unidos y dirigida por Brett Haley, a partir de un gui\u00f3n de Jennifer Niven y &hellip;<\/p>","protected":false},"author":2,"featured_media":9417,"comment_status":"closed","ping_status":"closed","sticky":false,"template":"","format":"standard","meta":{"jetpack_post_was_ever_published":false,"_jetpack_newsletter_access":"","_jetpack_dont_email_post_to_subs":false,"_jetpack_newsletter_tier_id":0,"_jetpack_memberships_contains_paywalled_content":false,"_jetpack_memberships_contains_paid_content":false,"footnotes":"","jetpack_publicize_message":"","jetpack_publicize_feature_enabled":true,"jetpack_social_post_already_shared":true,"jetpack_social_options":{"image_generator_settings":{"template":"highway","default_image_id":0,"font":"","enabled":false},"version":2}},"categories":[733,766],"tags":[801,786],"class_list":["post-9414","post","type-post","status-publish","format-standard","has-post-thumbnail","hentry","category-originales-de-netflix","category-cine-netflix","tag-drama-juvenil","tag-emotiva"],"jetpack_publicize_connections":[],"jetpack_featured_media_url":"https:\/\/www.macquero.com\/wp-content\/uploads\/2020\/02\/www.macquero.com-opinion-all-the-bright-places-violet-finch-captura-de-pantalla-2020-02-29-a-las-12.47.31-p.-m..png","jetpack_sharing_enabled":true,"_links":{"self":[{"href":"https:\/\/www.macquero.com\/en\/wp-json\/wp\/v2\/posts\/9414","targetHints":{"allow":["GET"]}}],"collection":[{"href":"https:\/\/www.macquero.com\/en\/wp-json\/wp\/v2\/posts"}],"about":[{"href":"https:\/\/www.macquero.com\/en\/wp-json\/wp\/v2\/types\/post"}],"author":[{"embeddable":true,"href":"https:\/\/www.macquero.com\/en\/wp-json\/wp\/v2\/users\/2"}],"replies":[{"embeddable":true,"href":"https:\/\/www.macquero.com\/en\/wp-json\/wp\/v2\/comments?post=9414"}],"version-history":[{"count":3,"href":"https:\/\/www.macquero.com\/en\/wp-json\/wp\/v2\/posts\/9414\/revisions"}],"predecessor-version":[{"id":15570,"href":"https:\/\/www.macquero.com\/en\/wp-json\/wp\/v2\/posts\/9414\/revisions\/15570"}],"wp:featuredmedia":[{"embeddable":true,"href":"https:\/\/www.macquero.com\/en\/wp-json\/wp\/v2\/media\/9417"}],"wp:attachment":[{"href":"https:\/\/www.macquero.com\/en\/wp-json\/wp\/v2\/media?parent=9414"}],"wp:term":[{"taxonomy":"category","embeddable":true,"href":"https:\/\/www.macquero.com\/en\/wp-json\/wp\/v2\/categories?post=9414"},{"taxonomy":"post_tag","embeddable":true,"href":"https:\/\/www.macquero.com\/en\/wp-json\/wp\/v2\/tags?post=9414"}],"curies":[{"name":"wp","href":"https:\/\/api.w.org\/{rel}","templated":true}]}}