{"id":9349,"date":"2020-02-23T11:58:07","date_gmt":"2020-02-23T16:58:07","guid":{"rendered":"http:\/\/www.macquero.com\/?p=9349"},"modified":"2021-12-02T06:05:17","modified_gmt":"2021-12-02T12:05:17","slug":"analisis-la-treve","status":"publish","type":"post","link":"https:\/\/www.macquero.com\/en\/2020\/02\/analisis-la-treve\/","title":{"rendered":"La Tr\u00e9ve. Se perdi\u00f3 en la segunda temporada lamentablemente."},"content":{"rendered":"<p>Puntuaci\u00f3n: &#x2b50;<\/p>\n\n\n\n<p>Cu\u00e1ndo redact\u00e9 esta nota el d\u00eda de ayer, todav\u00eda no hab\u00eda visto la 2da temporada. \u00a1Vaya! qu\u00e9 decepci\u00f3n.<\/p>\n\n\n\n<h3 class=\"wp-block-heading\">Sipnosis<\/h3>\n\n\n\n<h4 class=\"wp-block-heading\">1era temporada<\/h4>\n\n\n\n<p>Sebastian, un joven inspector idealista e inexperto de la polic\u00eda local, y Yoann Peeters, un detective consternado por la muerte de su esposa. Juntos investigan la muerte de un joven futbolista de origen africano.<\/p>\n\n\n\n<h3 class=\"wp-block-heading\">Valoraci\u00f3n<\/h3>\n\n\n\n<p>\u201cLa Tr\u00e9ve\u201d, desarrolla una historia densa y obscura en un rec\u00f3ndito pueblo de las Ardenas, donde un suceso violento saca a relucir los peores sentimientos y secretos de toda una comunidad en apariencia apacible, convirti\u00e9ndose en una serie muy interesante.<\/p>\n\n\n\n<p>Debo decir: qu\u00e9 la serie no se desarrolla \u00fanicamente en descubrir al asesino del joven futbolista.<\/p>\n\n\n\n<blockquote class=\"wp-block-quote is-layout-flow wp-block-quote-is-layout-flow\"><p>Tambi\u00e9n aprovecha &#8220;el suceso&#8221; para descifrar otras serie de muertes enlazadas y delitos graves sorprendentes.<\/p><\/blockquote>\n\n\n\n<p>Adem\u00e1s la estructura del gui\u00f3n se desarrolla diferente a otras series del g\u00e9nero, todo esto es diferido a trav\u00e9s de <strong>un racconto o narraci\u00f3n preactiva<\/strong>: un relato que ofrece escenas retrospectivas del pasado, conforme vamos inmersos en la sucesi\u00f3n de los diversos eventos de manera lenta y lineal; seremos capaces de descubrir una verdad inquietante.<\/p>\n\n\n\n<h3 class=\"wp-block-heading\">2da temporada<\/h3>\n\n\n\n<p>Es la primera vez <strong>que una serie no me gusta en absoluto<\/strong>. Y parece que el gui\u00f3n fue escrito con &#8220;los pies&#8221; cayendo sin remedio en un torbellino que no supo renovarse, que pec\u00f3 de inventivo y tropez\u00f3 con sus propias ansias de sorprender, de narrarlo una vez m\u00e1s pero llena de muchas inconsistencias.<\/p>\n\n\n\n<blockquote class=\"wp-block-quote is-layout-flow wp-block-quote-is-layout-flow\"><p>Es una pena, porque la 1era temporada dej\u00f3 luces de ser una serie de corte dram\u00e1tico con decentes escenas de intriga y misterio. <\/p><\/blockquote>\n\n\n\n<p>Lo \u00fanico bueno de esta producci\u00f3n es un elenco capaz que ha dado lo mejor, de manera cre\u00edble a pesar del naufragio argumental.<\/p>","protected":false},"excerpt":{"rendered":"<p>Puntuaci\u00f3n: &#x2b50; Cu\u00e1ndo redact\u00e9 esta nota el d\u00eda de ayer, todav\u00eda no hab\u00eda visto la 2da temporada. \u00a1Vaya! qu\u00e9 decepci\u00f3n. Sipnosis 1era temporada Sebastian, un joven inspector idealista e inexperto de la polic\u00eda local, y Yoann Peeters, un detective consternado por la muerte de su esposa. Juntos investigan la muerte de un joven futbolista de &hellip;<\/p>","protected":false},"author":2,"featured_media":9353,"comment_status":"closed","ping_status":"closed","sticky":false,"template":"","format":"standard","meta":{"jetpack_post_was_ever_published":false,"_jetpack_newsletter_access":"","_jetpack_dont_email_post_to_subs":false,"_jetpack_newsletter_tier_id":0,"_jetpack_memberships_contains_paywalled_content":false,"_jetpack_memberships_contains_paid_content":false,"footnotes":"","jetpack_publicize_message":"","jetpack_publicize_feature_enabled":true,"jetpack_social_post_already_shared":true,"jetpack_social_options":{"image_generator_settings":{"template":"highway","default_image_id":0,"font":"","enabled":false},"version":2}},"categories":[1019,733,732],"tags":[432],"class_list":["post-9349","post","type-post","status-publish","format-standard","has-post-thumbnail","hentry","category-analisis-y-opinion","category-originales-de-netflix","category-series","tag-suspenso"],"jetpack_publicize_connections":[],"jetpack_featured_media_url":"https:\/\/www.macquero.com\/wp-content\/uploads\/2020\/02\/www.macquero.com-analisis-la-treve-captura-de-pantalla-2020-02-23-a-las-12.51.26-p.-m..png","jetpack_sharing_enabled":true,"_links":{"self":[{"href":"https:\/\/www.macquero.com\/en\/wp-json\/wp\/v2\/posts\/9349","targetHints":{"allow":["GET"]}}],"collection":[{"href":"https:\/\/www.macquero.com\/en\/wp-json\/wp\/v2\/posts"}],"about":[{"href":"https:\/\/www.macquero.com\/en\/wp-json\/wp\/v2\/types\/post"}],"author":[{"embeddable":true,"href":"https:\/\/www.macquero.com\/en\/wp-json\/wp\/v2\/users\/2"}],"replies":[{"embeddable":true,"href":"https:\/\/www.macquero.com\/en\/wp-json\/wp\/v2\/comments?post=9349"}],"version-history":[{"count":9,"href":"https:\/\/www.macquero.com\/en\/wp-json\/wp\/v2\/posts\/9349\/revisions"}],"predecessor-version":[{"id":16165,"href":"https:\/\/www.macquero.com\/en\/wp-json\/wp\/v2\/posts\/9349\/revisions\/16165"}],"wp:featuredmedia":[{"embeddable":true,"href":"https:\/\/www.macquero.com\/en\/wp-json\/wp\/v2\/media\/9353"}],"wp:attachment":[{"href":"https:\/\/www.macquero.com\/en\/wp-json\/wp\/v2\/media?parent=9349"}],"wp:term":[{"taxonomy":"category","embeddable":true,"href":"https:\/\/www.macquero.com\/en\/wp-json\/wp\/v2\/categories?post=9349"},{"taxonomy":"post_tag","embeddable":true,"href":"https:\/\/www.macquero.com\/en\/wp-json\/wp\/v2\/tags?post=9349"}],"curies":[{"name":"wp","href":"https:\/\/api.w.org\/{rel}","templated":true}]}}