{"id":9320,"date":"2020-02-19T15:04:49","date_gmt":"2020-02-19T20:04:49","guid":{"rendered":"http:\/\/www.macquero.com\/?p=9320"},"modified":"2021-10-26T02:24:20","modified_gmt":"2021-10-26T07:24:20","slug":"analisis-le-chalet","status":"publish","type":"post","link":"https:\/\/www.macquero.com\/en\/2020\/02\/analisis-le-chalet\/","title":{"rendered":"Le Chalet"},"content":{"rendered":"<p>Puntuaci\u00f3n: &#x2b50;&#x2b50;&#x2b50;&#x2b50;&#x2b50;<\/p>\n\n\n\n<p>Por mucho tiempo he estado huy\u00e9ndole a series con un gui\u00f3n propenso al terror sin saber porqu\u00e9. Y es qu\u00e9 luego de ver <strong>Slasher<\/strong>, tengo qu\u00e9 decir que cuesta hallar algo m\u00e1s escabroso que esa serie.<\/p>\n\n\n\n<h3 class=\"wp-block-heading\">Sipnosis<\/h3>\n\n\n\n<p>Le Chalet&nbsp;es una mini serie de televisi\u00f3n francesa creada por Alexis Lecaye y Camille Bordes-Resnais, estrenada el 26 de marzo de 2018 el canal&nbsp;France 2&nbsp;y que es distribuida internacionalmente en&nbsp;Netflix.<\/p>\n\n\n\n<h3 class=\"wp-block-heading\">La primera (1997) <\/h3>\n\n\n\n<p>Cuenta la infancia en el peque\u00f1o pueblo de Valmoline (Francia) de Alice y su mejor amigo Manu, S\u00e9bastien (quien la pretende) y sus amigos, los hermanos Laurent, y Thierry. En ese entonces la familia Rodier se muda al chalet en la monta\u00f1a que pertenece a los Personnaz (due\u00f1os tambi\u00e9n del \u00fanico bar del pueblo). Los Rodier, una familia conformada por Jean-Louis (un escritor buscando inspiraci\u00f3n), su esposa Fran\u00e7oise y sus hijos Julien y la peque\u00f1a Am\u00e9lie, desaparecen m\u00e1s tarde en extra\u00f1as circunstancias.<\/p>\n\n\n\n<h3 class=\"wp-block-heading\">La segunda parte (2017)<\/h3>\n\n\n\n<p>Cuando Manu y su prometida Ad\u00e8le vuelven a Valmoline con la intenci\u00f3n de celebrar all\u00ed su boda y la de su amigo Laurent con Tiphanie. Luego m\u00e1s amigos llegan para hospedarse en el chalet, que ahora se encuentra renovado gracias a Phillippe y Christine, y asistir a la doble boda. <\/p>\n\n\n\n<p>Ni bien llegados, luego de cruzar el \u00fanico puente que comunica al pueblo con el resto de la civilizaci\u00f3n, una roca cae sobre el puente destroz\u00e1ndolo y dejando a los invitados completamente aislados. A partir de all\u00ed cosas raras e inexplicables empiezan a ocurrir y dejan a todos sumidos en un ambiente tenso y bastante hostil, desconfiando unos de otros tras ser v\u00edctimas del peligro que los acecha.<\/p>\n\n\n\n<h3 class=\"wp-block-heading\">Valoraci\u00f3n<\/h3>\n\n\n\n<p>Miniserie de tan solo 6 episodios, de 50min aproximados cada uno. Est\u00e1 catalogada en la plataforma como siniestra, yo a\u00f1adir\u00eda horror psicol\u00f3gico. <\/p>\n\n\n\n<blockquote class=\"wp-block-quote is-layout-flow wp-block-quote-is-layout-flow\"><p>La encontr\u00e9 emocionante.  <\/p><\/blockquote>\n\n\n\n<p>Aqu\u00ed no ver\u00e1s escenas de desmembramientos, ni gente descuartizada, y &#8220;las muertes&#8221; muchas de ellas se dan de forma inexplicable y misteriosa. Cada desaparici\u00f3n sucede de manera continua como una seguidilla de pesadillas que no escapan de la tensi\u00f3n de cada uno de los personajes.<\/p>\n\n\n\n<blockquote class=\"wp-block-quote is-layout-flow wp-block-quote-is-layout-flow\"><p>Todas las historias de misterio al parecer tienen el mismo m\u00f3vil. <strong>La venganza<\/strong>. Y a pesar de muchas contradicciones en el gui\u00f3n, la serie logra meterse en tu propia psiquis. <\/p><\/blockquote>\n\n\n\n<h3 class=\"wp-block-heading\">Conclusi\u00f3n<\/h3>\n\n\n\n<p>Tengo qu\u00e9 decir que estuve a la expectativa de ver alguna muerte violenta, pero eso no sucede en esta serie, solo para que no te de miedo, es una producci\u00f3n de misterio, filmada en bellas locaciones, con una banda sonora espeluznante (risas), pero tambi\u00e9n tiene algunas debilidades en el gui\u00f3n, pero no deja de mantenernos en un estado de tensi\u00f3n.<\/p>\n\n\n\n<p>Aunque no hay escenas sangrientas, lo qu\u00e9 la hace controversial y pol\u00e9mica, en mi opini\u00f3n: consiste en tratar de leer e interpretar qui\u00e9n est\u00e1 detr\u00e1s de las desapariciones, y los motivos. <\/p>\n\n\n\n<p>Te sorprender\u00e1n ambas.  \u00a1A mi, me gust\u00f3!<\/p>","protected":false},"excerpt":{"rendered":"<p>Puntuaci\u00f3n: &#x2b50;&#x2b50;&#x2b50;&#x2b50;&#x2b50; Por mucho tiempo he estado huy\u00e9ndole a series con un gui\u00f3n propenso al terror sin saber porqu\u00e9. Y es qu\u00e9 luego de ver Slasher, tengo qu\u00e9 decir que cuesta hallar algo m\u00e1s escabroso que esa serie. Sipnosis Le Chalet&nbsp;es una mini serie de televisi\u00f3n francesa creada por Alexis Lecaye y Camille Bordes-Resnais, estrenada &hellip;<\/p>","protected":false},"author":2,"featured_media":9322,"comment_status":"closed","ping_status":"closed","sticky":false,"template":"","format":"standard","meta":{"jetpack_post_was_ever_published":false,"_jetpack_newsletter_access":"","_jetpack_dont_email_post_to_subs":false,"_jetpack_newsletter_tier_id":0,"_jetpack_memberships_contains_paywalled_content":false,"_jetpack_memberships_contains_paid_content":false,"footnotes":"","jetpack_publicize_message":"","jetpack_publicize_feature_enabled":true,"jetpack_social_post_already_shared":true,"jetpack_social_options":{"image_generator_settings":{"template":"highway","default_image_id":0,"font":"","enabled":false},"version":2}},"categories":[1019,733],"tags":[830,500,432],"class_list":["post-9320","post","type-post","status-publish","format-standard","has-post-thumbnail","hentry","category-analisis-y-opinion","category-originales-de-netflix","tag-horror-psicologico","tag-misterio","tag-suspenso"],"jetpack_publicize_connections":[],"jetpack_featured_media_url":"https:\/\/www.macquero.com\/wp-content\/uploads\/2020\/02\/www.macquero.com-analisis-le-chalet-captura-de-pantalla-2020-02-19-a-las-3.52.39-p.-m..png","jetpack_sharing_enabled":true,"_links":{"self":[{"href":"https:\/\/www.macquero.com\/en\/wp-json\/wp\/v2\/posts\/9320","targetHints":{"allow":["GET"]}}],"collection":[{"href":"https:\/\/www.macquero.com\/en\/wp-json\/wp\/v2\/posts"}],"about":[{"href":"https:\/\/www.macquero.com\/en\/wp-json\/wp\/v2\/types\/post"}],"author":[{"embeddable":true,"href":"https:\/\/www.macquero.com\/en\/wp-json\/wp\/v2\/users\/2"}],"replies":[{"embeddable":true,"href":"https:\/\/www.macquero.com\/en\/wp-json\/wp\/v2\/comments?post=9320"}],"version-history":[{"count":4,"href":"https:\/\/www.macquero.com\/en\/wp-json\/wp\/v2\/posts\/9320\/revisions"}],"predecessor-version":[{"id":14982,"href":"https:\/\/www.macquero.com\/en\/wp-json\/wp\/v2\/posts\/9320\/revisions\/14982"}],"wp:featuredmedia":[{"embeddable":true,"href":"https:\/\/www.macquero.com\/en\/wp-json\/wp\/v2\/media\/9322"}],"wp:attachment":[{"href":"https:\/\/www.macquero.com\/en\/wp-json\/wp\/v2\/media?parent=9320"}],"wp:term":[{"taxonomy":"category","embeddable":true,"href":"https:\/\/www.macquero.com\/en\/wp-json\/wp\/v2\/categories?post=9320"},{"taxonomy":"post_tag","embeddable":true,"href":"https:\/\/www.macquero.com\/en\/wp-json\/wp\/v2\/tags?post=9320"}],"curies":[{"name":"wp","href":"https:\/\/api.w.org\/{rel}","templated":true}]}}