{"id":9293,"date":"2020-02-14T04:13:31","date_gmt":"2020-02-14T09:13:31","guid":{"rendered":"http:\/\/www.macquero.com\/?p=9293"},"modified":"2021-12-04T03:08:28","modified_gmt":"2021-12-04T09:08:28","slug":"analisis-slasher-3era-temporada-terrorifica","status":"publish","type":"post","link":"https:\/\/www.macquero.com\/en\/2020\/02\/analisis-slasher-3era-temporada-terrorifica\/","title":{"rendered":"Slasher. 3era temporada. \u00a1Terror\u00edfica!"},"content":{"rendered":"<p>Puntuaci\u00f3n: &#x2b50;&#x2b50;&#x2b50;&#x2b50;&#x2b50;<\/p>\n\n\n\n<p>Ya es d\u00eda de San Valent\u00edn y no encontr\u00e9 nada nuevo en la plataforma para celebrarlo en grande. <\/p>\n\n\n\n<p>En cambi\u00f3 me dediqu\u00e9 a ver la \u00faltima temporada de Slasher. \u00bfQu\u00e9 creen? es m\u00e1s terror\u00edfica que la primera y segunda temporada.<\/p>\n\n\n\n<h3 class=\"wp-block-heading\">Valoraci\u00f3n<\/h3>\n\n\n\n<p>En la tercera y \u00faltima temporada disponible en la plataforma: Un joven es brutalmente asesinado durante el d\u00eda m\u00e1s largo del a\u00f1o, el solsticio de verano, frente a su edificio de apartamentos, rodeado de testigos que no hacen nada para ayudar. <\/p>\n\n\n\n<p>Un a\u00f1o despu\u00e9s, el terror golpea al complejo de apartamentos una vez m\u00e1s cuando alguien busca una venganza sangrienta contra los vecinos y testigos que no hicieron nada para ayudarlo. Y ahora, The Druid, una aterradora figura encapuchada, comienza a cazarlos uno por uno para conseguir su aterradora venganza.<\/p>\n\n\n\n<h3 class=\"wp-block-heading\">\u00bfQu\u00e9 te puedo contar de nuevo?<\/h3>\n\n\n\n<p>Cada una de las escenas vistas en esta temporada, supera con creces las otras dos anteriores. Si me quej\u00e9 que en la primera hubo secuencias de horror con &#8220;escenas susceptibles&#8221; no apta para ciertas audiencias, me parece qu\u00e9 exagere un poquito, \u00a1son fuertes s\u00ed!, pero nada c\u00f3mo esto. (En esta \u00faltima entrega todo luce m\u00e1s escabroso a\u00fan).<\/p>\n\n\n\n<blockquote class=\"wp-block-quote is-layout-flow wp-block-quote-is-layout-flow\"><p>Y las escenas sangrientas adem\u00e1s de espeluznantes son literalmente repulsivas. <\/p><\/blockquote>\n\n\n\n<h3 class=\"wp-block-heading\">Apartado de maquillaje<\/h3>\n\n\n\n<p>Sorprendentemente convincente. Cada asesinato, es en consecuencia mucho peor, as\u00ed qu\u00e9 si est\u00e9 g\u00e9nero <strong>gore sangriento<\/strong> te complace, \u00a1no lo pienses m\u00e1s!, est\u00e1 serie se dise\u00f1o para ti, justo a la medida de tus intereses.<\/p>\n\n\n\n<p>El gui\u00f3n es mucho m\u00e1s interesante, y mucho m\u00e1s complejo. El m\u00f3vil siempre es el mismo. As\u00ed qu\u00e9 prepara tus palomitas y si comienzas a verla de noche completamente solo\/a, <strong>aseg\u00farate que no hay nadie debajo de la cama.  <\/strong><\/p>\n\n\n\n<p><strong>\u00a1Feliz d\u00eda de San Valent\u00edn!<\/strong><\/p>\n\n\n\n<p>Sitio oficial: <strong><a rel=\"noreferrer noopener\" aria-label=\"Slasher (opens in a new tab)\" href=\"http:\/\/www.chillertv.com\/shows\/slasher\" target=\"_blank\">Slasher<\/a><\/strong><\/p>\n\n\n\n<p>Est\u00e1 temporada desapreci\u00f3 del cat\u00e1logo sin previo aviso. Es una pena, porqu\u00e9 es la mejor de todas. <\/p>","protected":false},"excerpt":{"rendered":"<p>Puntuaci\u00f3n: &#x2b50;&#x2b50;&#x2b50;&#x2b50;&#x2b50; Ya es d\u00eda de San Valent\u00edn y no encontr\u00e9 nada nuevo en la plataforma para celebrarlo en grande. En cambi\u00f3 me dediqu\u00e9 a ver la \u00faltima temporada de Slasher. \u00bfQu\u00e9 creen? es m\u00e1s terror\u00edfica que la primera y segunda temporada. Valoraci\u00f3n En la tercera y \u00faltima temporada disponible en la plataforma: Un joven &hellip;<\/p>","protected":false},"author":2,"featured_media":9296,"comment_status":"closed","ping_status":"closed","sticky":false,"template":"","format":"standard","meta":{"jetpack_post_was_ever_published":false,"_jetpack_newsletter_access":"","_jetpack_dont_email_post_to_subs":false,"_jetpack_newsletter_tier_id":0,"_jetpack_memberships_contains_paywalled_content":false,"_jetpack_memberships_contains_paid_content":false,"footnotes":"","jetpack_publicize_message":"","jetpack_publicize_feature_enabled":true,"jetpack_social_post_already_shared":true,"jetpack_social_options":{"image_generator_settings":{"template":"highway","default_image_id":0,"font":"","enabled":false},"version":2}},"categories":[1019],"tags":[811,579,829],"class_list":["post-9293","post","type-post","status-publish","format-standard","has-post-thumbnail","hentry","category-analisis-y-opinion","tag-crudo","tag-thriller","tag-violento"],"jetpack_publicize_connections":[],"jetpack_featured_media_url":"https:\/\/www.macquero.com\/wp-content\/uploads\/2020\/02\/www.macquero.com-analisis-slasher-3era-temporada-terrorifica-captura-de-pantalla-2020-02-14-a-las-5.03.56-a.-m..png","jetpack_sharing_enabled":true,"_links":{"self":[{"href":"https:\/\/www.macquero.com\/en\/wp-json\/wp\/v2\/posts\/9293","targetHints":{"allow":["GET"]}}],"collection":[{"href":"https:\/\/www.macquero.com\/en\/wp-json\/wp\/v2\/posts"}],"about":[{"href":"https:\/\/www.macquero.com\/en\/wp-json\/wp\/v2\/types\/post"}],"author":[{"embeddable":true,"href":"https:\/\/www.macquero.com\/en\/wp-json\/wp\/v2\/users\/2"}],"replies":[{"embeddable":true,"href":"https:\/\/www.macquero.com\/en\/wp-json\/wp\/v2\/comments?post=9293"}],"version-history":[{"count":3,"href":"https:\/\/www.macquero.com\/en\/wp-json\/wp\/v2\/posts\/9293\/revisions"}],"predecessor-version":[{"id":14919,"href":"https:\/\/www.macquero.com\/en\/wp-json\/wp\/v2\/posts\/9293\/revisions\/14919"}],"wp:featuredmedia":[{"embeddable":true,"href":"https:\/\/www.macquero.com\/en\/wp-json\/wp\/v2\/media\/9296"}],"wp:attachment":[{"href":"https:\/\/www.macquero.com\/en\/wp-json\/wp\/v2\/media?parent=9293"}],"wp:term":[{"taxonomy":"category","embeddable":true,"href":"https:\/\/www.macquero.com\/en\/wp-json\/wp\/v2\/categories?post=9293"},{"taxonomy":"post_tag","embeddable":true,"href":"https:\/\/www.macquero.com\/en\/wp-json\/wp\/v2\/tags?post=9293"}],"curies":[{"name":"wp","href":"https:\/\/api.w.org\/{rel}","templated":true}]}}