{"id":9174,"date":"2020-02-01T14:01:16","date_gmt":"2020-02-01T19:01:16","guid":{"rendered":"http:\/\/www.macquero.com\/?p=9174"},"modified":"2021-10-27T00:41:06","modified_gmt":"2021-10-27T05:41:06","slug":"opinion-ragnarok-buenisima","status":"publish","type":"post","link":"https:\/\/www.macquero.com\/en\/2020\/02\/opinion-ragnarok-buenisima\/","title":{"rendered":"Ragnar\u00f6k. \u00a1Buen\u00edsima!"},"content":{"rendered":"<p>Puntuaci\u00f3n: &#x2b50;&#x2b50;&#x2b50;&#x2b50;&#x2b50;<\/p>\n\n\n\n<p>El d\u00eda de ayer aterriz\u00f3 en la plataforma una nueva serie de producci\u00f3n noruega, filmada en diferentes lugares del pa\u00eds n\u00f3rdico.<\/p>\n\n\n\n<h3 class=\"wp-block-heading\">Sipnosis<\/h3>\n\n\n\n<p>La serie nos sit\u00faa en Edda, un peque\u00f1o pueblo noruego que est\u00e1 experimentando inviernos c\u00e1lidos y violentos, con aguaceros que parecen vaticinar el Ragnar\u00f6k, es decir, la batalla del final del mundo.&nbsp;<\/p>\n\n\n\n<h3 class=\"wp-block-heading\">Valoraci\u00f3n<\/h3>\n\n\n\n<p>Con una narrativa sugerente de ciencia ficci\u00f3n, y convincentes efectos especiales podremos disfrutar del nacimiento de una nueva historia con personajes j\u00f3venes y un nuevo \u00e1ngulo sobre la mitolog\u00eda n\u00f3rdica.<\/p>\n\n\n\n<p>El reparto actoral es tremendamente convincente. Algunas escenas son verdaderamente espeluznantes. <\/p>\n\n\n\n<blockquote class=\"wp-block-quote is-layout-flow wp-block-quote-is-layout-flow\"><p>Lament\u00e9 que la serie contiene solo seis episodios, ya que la trama es lo suficientemente adictiva, como para mantener interesado al espectador.<\/p><\/blockquote>\n\n\n\n<p> Tiene un cierre de temporada \u00fanico, me gustar\u00eda pensar qu\u00e9 habr\u00e1 una segunda temporada, puesto todav\u00eda hay muchas interrogantes qu\u00e9 resolver. Aunque es algo lenta, ciertamente sorprende. <\/p>\n\n\n\n<h3 class=\"wp-block-heading\">Accesibilidad<\/h3>\n\n\n\n<p>Puedes disfrutar la serie en su idioma original con varias opciones de subt\u00edtulos (de tu preferencia), o bien escucharla doblada al espa\u00f1ol, o traducida al idioma ingl\u00e9s.<\/p>","protected":false},"excerpt":{"rendered":"<p>Puntuaci\u00f3n: &#x2b50;&#x2b50;&#x2b50;&#x2b50;&#x2b50; El d\u00eda de ayer aterriz\u00f3 en la plataforma una nueva serie de producci\u00f3n noruega, filmada en diferentes lugares del pa\u00eds n\u00f3rdico. Sipnosis La serie nos sit\u00faa en Edda, un peque\u00f1o pueblo noruego que est\u00e1 experimentando inviernos c\u00e1lidos y violentos, con aguaceros que parecen vaticinar el Ragnar\u00f6k, es decir, la batalla del final del &hellip;<\/p>","protected":false},"author":2,"featured_media":9179,"comment_status":"closed","ping_status":"closed","sticky":false,"template":"","format":"standard","meta":{"jetpack_post_was_ever_published":false,"_jetpack_newsletter_access":"","_jetpack_dont_email_post_to_subs":false,"_jetpack_newsletter_tier_id":0,"_jetpack_memberships_contains_paywalled_content":false,"_jetpack_memberships_contains_paid_content":false,"footnotes":"","jetpack_publicize_message":"","jetpack_publicize_feature_enabled":true,"jetpack_social_post_already_shared":true,"jetpack_social_options":{"image_generator_settings":{"template":"highway","default_image_id":0,"font":"","enabled":false},"version":2}},"categories":[733,732],"tags":[431,779],"class_list":["post-9174","post","type-post","status-publish","format-standard","has-post-thumbnail","hentry","category-originales-de-netflix","category-series","tag-ciencia-ficcion","tag-emocionante"],"jetpack_publicize_connections":[],"jetpack_featured_media_url":"https:\/\/www.macquero.com\/wp-content\/uploads\/2020\/02\/www.macquero.com-opinion-ragnarok-captura-de-pantalla-2020-02-01-a-las-2.47.02-p.-m..png","jetpack_sharing_enabled":true,"_links":{"self":[{"href":"https:\/\/www.macquero.com\/en\/wp-json\/wp\/v2\/posts\/9174","targetHints":{"allow":["GET"]}}],"collection":[{"href":"https:\/\/www.macquero.com\/en\/wp-json\/wp\/v2\/posts"}],"about":[{"href":"https:\/\/www.macquero.com\/en\/wp-json\/wp\/v2\/types\/post"}],"author":[{"embeddable":true,"href":"https:\/\/www.macquero.com\/en\/wp-json\/wp\/v2\/users\/2"}],"replies":[{"embeddable":true,"href":"https:\/\/www.macquero.com\/en\/wp-json\/wp\/v2\/comments?post=9174"}],"version-history":[{"count":6,"href":"https:\/\/www.macquero.com\/en\/wp-json\/wp\/v2\/posts\/9174\/revisions"}],"predecessor-version":[{"id":15316,"href":"https:\/\/www.macquero.com\/en\/wp-json\/wp\/v2\/posts\/9174\/revisions\/15316"}],"wp:featuredmedia":[{"embeddable":true,"href":"https:\/\/www.macquero.com\/en\/wp-json\/wp\/v2\/media\/9179"}],"wp:attachment":[{"href":"https:\/\/www.macquero.com\/en\/wp-json\/wp\/v2\/media?parent=9174"}],"wp:term":[{"taxonomy":"category","embeddable":true,"href":"https:\/\/www.macquero.com\/en\/wp-json\/wp\/v2\/categories?post=9174"},{"taxonomy":"post_tag","embeddable":true,"href":"https:\/\/www.macquero.com\/en\/wp-json\/wp\/v2\/tags?post=9174"}],"curies":[{"name":"wp","href":"https:\/\/api.w.org\/{rel}","templated":true}]}}