{"id":9043,"date":"2020-01-13T04:16:21","date_gmt":"2020-01-13T09:16:21","guid":{"rendered":"http:\/\/www.macquero.com\/?p=9043"},"modified":"2021-10-27T00:34:05","modified_gmt":"2021-10-27T05:34:05","slug":"analisis-vivir-2-veces-emotiva","status":"publish","type":"post","link":"https:\/\/www.macquero.com\/en\/2020\/01\/analisis-vivir-2-veces-emotiva\/","title":{"rendered":"Vivir 2 veces. \u00a1Emotiva!"},"content":{"rendered":"<p>Puntuaci\u00f3n: &#x2b50;&#x2b50;&#x2b50;&#x2b50;<\/p>\n\n\n\n<p>Mi siguiente recomendaci\u00f3n es otra buena pel\u00edcula de cine independiente espa\u00f1ol.<\/p>\n\n\n\n<h3 class=\"wp-block-heading\">Sipnosis<\/h3>\n\n\n\n<p>Emilio, su hija Julia y su nieta Blanca emprenden un viaje disparatado y a la vez revelador. Antes de que a Emilio le falle la memoria definitivamente, la familia le ayudar\u00e1 a buscar al amor de su juventud. Decisiones y contratiempos los llevar\u00e1n a enfrentarse a los enga\u00f1os sobre los que han montado&nbsp;sus vidas.<\/p>\n\n\n\n<h3 class=\"wp-block-heading\">Valoraci\u00f3n<\/h3>\n\n\n\n<p>Vivir dos veces habla del (imposible) intento de regreso al pasado de un matem\u00e1tico jubilado, gru\u00f1\u00f3n y mis\u00e1ntropo, que descubre, con miedo, que est\u00e1 perdiendo la memoria.<\/p>\n\n\n\n<blockquote class=\"wp-block-quote is-layout-flow wp-block-quote-is-layout-flow\"><p>Una historia diferente, cargada de emociones para mi emp\u00e1ticas. Dif\u00edcil de recorrer y volver a vivir. <\/p><\/blockquote>\n\n\n\n<p>La trama busca unir piezas de la vida misma, con algunos fragmentos de comicidad para el drama de profundidad; en mi opini\u00f3n para brindarle calidez al personaje principal.<\/p>\n\n\n\n<h3 class=\"wp-block-heading\">Interpretaciones<\/h3>\n\n\n\n<p>La interpretaci\u00f3n de (Mart\u00ednez como Emilio) y la representaci\u00f3n de su enfermedad: avanzada, fue para mi una experiencia dolorosa, ya qu\u00e9 representa un vivo retrato de una experiencia personal ya vivida. En mi opini\u00f3n la ejecuci\u00f3n del gui\u00f3n luce tremendamente convincente en una dramatizaci\u00f3n excepcional. <\/p>\n\n\n\n<p>Requiere discreci\u00f3n, y entendimiento. Es profunda, y dif\u00edcil de explorar. <\/p>","protected":false},"excerpt":{"rendered":"<p>Puntuaci\u00f3n: &#x2b50;&#x2b50;&#x2b50;&#x2b50; Mi siguiente recomendaci\u00f3n es otra buena pel\u00edcula de cine independiente espa\u00f1ol. Sipnosis Emilio, su hija Julia y su nieta Blanca emprenden un viaje disparatado y a la vez revelador. Antes de que a Emilio le falle la memoria definitivamente, la familia le ayudar\u00e1 a buscar al amor de su juventud. Decisiones y contratiempos &hellip;<\/p>","protected":false},"author":2,"featured_media":9048,"comment_status":"closed","ping_status":"closed","sticky":false,"template":"","format":"standard","meta":{"jetpack_post_was_ever_published":false,"_jetpack_newsletter_access":"","_jetpack_dont_email_post_to_subs":false,"_jetpack_newsletter_tier_id":0,"_jetpack_memberships_contains_paywalled_content":false,"_jetpack_memberships_contains_paid_content":false,"footnotes":"","jetpack_publicize_message":"","jetpack_publicize_feature_enabled":true,"jetpack_social_post_already_shared":true,"jetpack_social_options":{"image_generator_settings":{"template":"highway","default_image_id":0,"font":"","enabled":false},"version":2}},"categories":[1019,766],"tags":[786],"class_list":["post-9043","post","type-post","status-publish","format-standard","has-post-thumbnail","hentry","category-analisis-y-opinion","category-cine-netflix","tag-emotiva"],"jetpack_publicize_connections":[],"jetpack_featured_media_url":"https:\/\/www.macquero.com\/wp-content\/uploads\/2020\/01\/www.macquero.com-analisis-vivir-2-veces-emotiva-captura-de-pantalla-2020-01-13-a-las-5.09.57-a.-m..png","jetpack_sharing_enabled":true,"_links":{"self":[{"href":"https:\/\/www.macquero.com\/en\/wp-json\/wp\/v2\/posts\/9043","targetHints":{"allow":["GET"]}}],"collection":[{"href":"https:\/\/www.macquero.com\/en\/wp-json\/wp\/v2\/posts"}],"about":[{"href":"https:\/\/www.macquero.com\/en\/wp-json\/wp\/v2\/types\/post"}],"author":[{"embeddable":true,"href":"https:\/\/www.macquero.com\/en\/wp-json\/wp\/v2\/users\/2"}],"replies":[{"embeddable":true,"href":"https:\/\/www.macquero.com\/en\/wp-json\/wp\/v2\/comments?post=9043"}],"version-history":[{"count":6,"href":"https:\/\/www.macquero.com\/en\/wp-json\/wp\/v2\/posts\/9043\/revisions"}],"predecessor-version":[{"id":14796,"href":"https:\/\/www.macquero.com\/en\/wp-json\/wp\/v2\/posts\/9043\/revisions\/14796"}],"wp:featuredmedia":[{"embeddable":true,"href":"https:\/\/www.macquero.com\/en\/wp-json\/wp\/v2\/media\/9048"}],"wp:attachment":[{"href":"https:\/\/www.macquero.com\/en\/wp-json\/wp\/v2\/media?parent=9043"}],"wp:term":[{"taxonomy":"category","embeddable":true,"href":"https:\/\/www.macquero.com\/en\/wp-json\/wp\/v2\/categories?post=9043"},{"taxonomy":"post_tag","embeddable":true,"href":"https:\/\/www.macquero.com\/en\/wp-json\/wp\/v2\/tags?post=9043"}],"curies":[{"name":"wp","href":"https:\/\/api.w.org\/{rel}","templated":true}]}}