{"id":8985,"date":"2020-01-01T22:52:43","date_gmt":"2020-01-02T03:52:43","guid":{"rendered":"http:\/\/www.macquero.com\/?p=8985"},"modified":"2020-01-01T22:52:50","modified_gmt":"2020-01-02T03:52:50","slug":"breve-opinion-el-ministerio-del-tiempo","status":"publish","type":"post","link":"https:\/\/www.macquero.com\/en\/2020\/01\/breve-opinion-el-ministerio-del-tiempo\/","title":{"rendered":"Breve opini\u00f3n: El Ministerio del Tiempo."},"content":{"rendered":"<p>Celebramos la entrada al 2020, con una recomendaci\u00f3n para series creada por los hermanos Javier y Pablo Olivares para la RTVE es una demostraci\u00f3n de opciones a disfrutar para producci\u00f3n independiente. <\/p>\n\n\n\n<h3 class=\"wp-block-heading\">Sipnosis<\/h3>\n\n\n\n<p>El Ministerio del Tiempo\u00a0es una\u00a0serie de televisi\u00f3n espa\u00f1ola\u00a0de\u00a0g\u00e9nero fant\u00e1stico\u00a0y\u00a0ficci\u00f3n hist\u00f3rica\u00a0creada por los hermanos Pablo y\u00a0Javier Olivares\u00a0y producida por Onza Partners y Cliffhanger para\u00a0La 1\u00a0de\u00a0TVE.<\/p>\n\n\n\n<figure class=\"wp-block-embed-youtube wp-block-embed is-type-video is-provider-youtube wp-embed-aspect-16-9 wp-has-aspect-ratio\"><div class=\"wp-block-embed__wrapper\">\n<span class=\"embed-youtube\" style=\"text-align:center; display: block;\"><iframe loading=\"lazy\" class=\"youtube-player\" width=\"640\" height=\"360\" src=\"https:\/\/www.youtube.com\/embed\/23l0iEZIpMA?version=3&#038;rel=1&#038;showsearch=0&#038;showinfo=1&#038;iv_load_policy=1&#038;fs=1&#038;hl=en-US&#038;autohide=2&#038;wmode=transparent\" allowfullscreen=\"true\" style=\"border:0;\" sandbox=\"allow-scripts allow-same-origin allow-popups allow-presentation allow-popups-to-escape-sandbox\"><\/iframe><\/span>\n<\/div><figcaption><strong>Trailer<\/strong><\/figcaption><\/figure>\n\n\n\n<p>Su argumento gira en torno a los\u00a0viajes a trav\u00e9s del tiempo.<\/p>\n\n\n\n<h3 class=\"wp-block-heading\">Valoraci\u00f3n<\/h3>\n\n\n\n<p>La serie goza de una narraci\u00f3n visual e int\u00e9rpretes a la altura del gui\u00f3n, con un apartado de fotograf\u00eda impresionante d\u00e1ndole a la producci\u00f3n cabida a escenarios inmersivos a trav\u00e9s del trabajo de utiler\u00eda y vestuarios.<\/p>\n\n\n\n<p>La serie de tres temporadas que contienen un total de treinta y cuatro episodios contienen innumerables relatos, llenos de profundo drama, y densas aventuras.<\/p>\n\n\n\n<p>Una opci\u00f3n genuinamente interesante, qu\u00e9 seguramente te enganchar\u00e1.<\/p>","protected":false},"excerpt":{"rendered":"<p>Celebramos la entrada al 2020, con una recomendaci\u00f3n para series creada por los hermanos Javier y Pablo Olivares para la RTVE es una demostraci\u00f3n de opciones a disfrutar para producci\u00f3n independiente. Sipnosis El Ministerio del Tiempo\u00a0es una\u00a0serie de televisi\u00f3n espa\u00f1ola\u00a0de\u00a0g\u00e9nero fant\u00e1stico\u00a0y\u00a0ficci\u00f3n hist\u00f3rica\u00a0creada por los hermanos Pablo y\u00a0Javier Olivares\u00a0y producida por Onza Partners y Cliffhanger para\u00a0La &hellip;<\/p>","protected":false},"author":2,"featured_media":8987,"comment_status":"closed","ping_status":"closed","sticky":false,"template":"","format":"standard","meta":{"jetpack_post_was_ever_published":false,"_jetpack_newsletter_access":"","_jetpack_dont_email_post_to_subs":false,"_jetpack_newsletter_tier_id":0,"_jetpack_memberships_contains_paywalled_content":false,"_jetpack_memberships_contains_paid_content":false,"footnotes":"","jetpack_publicize_message":"","jetpack_publicize_feature_enabled":true,"jetpack_social_post_already_shared":true,"jetpack_social_options":{"image_generator_settings":{"template":"highway","default_image_id":0,"font":"","enabled":false},"version":2}},"categories":[696,732],"tags":[303],"class_list":["post-8985","post","type-post","status-publish","format-standard","has-post-thumbnail","hentry","category-netflix","category-series","tag-drama"],"jetpack_publicize_connections":[],"jetpack_featured_media_url":"https:\/\/www.macquero.com\/wp-content\/uploads\/2020\/01\/www.macquero.com-breve-opinion-el-ministerio-del-tiempo-captura-de-pantalla-2020-01-01-a-las-11.47.06-p.-m..png","jetpack_sharing_enabled":true,"_links":{"self":[{"href":"https:\/\/www.macquero.com\/en\/wp-json\/wp\/v2\/posts\/8985","targetHints":{"allow":["GET"]}}],"collection":[{"href":"https:\/\/www.macquero.com\/en\/wp-json\/wp\/v2\/posts"}],"about":[{"href":"https:\/\/www.macquero.com\/en\/wp-json\/wp\/v2\/types\/post"}],"author":[{"embeddable":true,"href":"https:\/\/www.macquero.com\/en\/wp-json\/wp\/v2\/users\/2"}],"replies":[{"embeddable":true,"href":"https:\/\/www.macquero.com\/en\/wp-json\/wp\/v2\/comments?post=8985"}],"version-history":[{"count":1,"href":"https:\/\/www.macquero.com\/en\/wp-json\/wp\/v2\/posts\/8985\/revisions"}],"predecessor-version":[{"id":8988,"href":"https:\/\/www.macquero.com\/en\/wp-json\/wp\/v2\/posts\/8985\/revisions\/8988"}],"wp:featuredmedia":[{"embeddable":true,"href":"https:\/\/www.macquero.com\/en\/wp-json\/wp\/v2\/media\/8987"}],"wp:attachment":[{"href":"https:\/\/www.macquero.com\/en\/wp-json\/wp\/v2\/media?parent=8985"}],"wp:term":[{"taxonomy":"category","embeddable":true,"href":"https:\/\/www.macquero.com\/en\/wp-json\/wp\/v2\/categories?post=8985"},{"taxonomy":"post_tag","embeddable":true,"href":"https:\/\/www.macquero.com\/en\/wp-json\/wp\/v2\/tags?post=8985"}],"curies":[{"name":"wp","href":"https:\/\/api.w.org\/{rel}","templated":true}]}}