{"id":8978,"date":"2019-12-31T12:31:21","date_gmt":"2019-12-31T17:31:21","guid":{"rendered":"http:\/\/www.macquero.com\/?p=8978"},"modified":"2019-12-31T12:31:28","modified_gmt":"2019-12-31T17:31:28","slug":"analisis-rita-nos-encanta-feliz-ano-2020-de-parte-de-todo-el-equipo-que-integra-macquero","status":"publish","type":"post","link":"https:\/\/www.macquero.com\/en\/2019\/12\/analisis-rita-nos-encanta-feliz-ano-2020-de-parte-de-todo-el-equipo-que-integra-macquero\/","title":{"rendered":"An\u00e1lisis: Rita. \u00a1Nos encanta! &#8211; \u00a1Feliz a\u00f1o 2020! de parte de todo el equipo qu\u00e9 integra Macquero."},"content":{"rendered":"<p>En Macquero, despedimos el a\u00f1o con una serie irreverente y pol\u00e9mica.<\/p>\n\n\n\n<h3 class=\"wp-block-heading\">Sipnosis<\/h3>\n\n\n\n<p>Rita\u00a0es una serie danesa\u00a0de comedia dram\u00e1tica,\u00a0creada por Christian Torpe para\u00a0TV 2.\u00a0Se estren\u00f3 en febrero de 2012 y funcion\u00f3 durante cuatro temporadas en Dinamarca e internacionalmente en\u00a0Netflix. Se estima\u00a0una quinta temporada confirmada en agosto de 2019 por Mille Dinesen,\u00a0y se emitir\u00e1 en 2020.\u00a0<\/p>\n\n\n\n<h3 class=\"wp-block-heading\">Valoraci\u00f3n<\/h3>\n\n\n\n<blockquote class=\"wp-block-quote is-layout-flow wp-block-quote-is-layout-flow\"><p>La descubr\u00ed hoy en el men\u00fa de tendencias. <strong>Gracias Netflix. <\/strong><\/p><\/blockquote>\n\n\n\n<p>Rita es una profesora de un instituto de ense\u00f1anza media, (separada y con tres hijos mayores) en el paso entre la adolescencia y la vida adulta. <strong>Su personalidad es lo qu\u00e9 hace qu\u00e9 la serie sea incre\u00edblemente entretenida. <\/strong><\/p>\n\n\n\n<p>La serie comenz\u00f3 como un producto destinado al mercado local escandinavo, pero a trav\u00e9s <strong>de su personaje emblem\u00e1tico<\/strong> ha sabido calar entre p\u00fablico diverso traspasando fronteras, y convirti\u00e9ndose con la ayuda de su difusi\u00f3n en Netflix en un fen\u00f3meno a nivel global.<\/p>\n\n\n\n<p>Cristian Torpe el creador de la serie dise\u00f1\u00f3 primero el personaje de Rita, una mujer contradictoria, (con un carisma interesante) al que el propio autor la describe como una ni\u00f1a en el cuerpo de un adulto, y decidi\u00f3 crear un gui\u00f3n como profesora: <strong>-ya qu\u00e9 le iba a permitir hacer una disecci\u00f3n pol\u00e9mica entre sus conflictos familiares y el sistema educativo p\u00fablico dan\u00e9s.<\/strong><\/p>\n\n\n\n<h2 class=\"wp-block-heading\">Pol\u00e9mica e irreverente<\/h2>\n\n\n\n<blockquote class=\"wp-block-quote is-layout-flow wp-block-quote-is-layout-flow\"><p>Por extra\u00f1o que te parezca, \u00bfpor qu\u00e9 resulta interesante seguirle la pista a est\u00e1 serie?. <\/p><\/blockquote>\n\n\n\n<p><strong>Rita es tan buena educadora como mala madre y esa dicotom\u00eda es el centro de la serie<\/strong>, ya que sus esfuerzos para ayudar a sus alumnos parten de la base de <strong>\u201cproteger a los alumnos de sus padres\u201d<\/strong> y sus m\u00e9todos irreverentes generan conflictos tanto con la direcci\u00f3n como con la consejera del instituto. <\/p>\n\n\n\n<figure class=\"wp-block-embed-youtube wp-block-embed is-type-video is-provider-youtube wp-embed-aspect-16-9 wp-has-aspect-ratio\"><div class=\"wp-block-embed__wrapper\">\n<span class=\"embed-youtube\" style=\"text-align:center; display: block;\"><iframe loading=\"lazy\" class=\"youtube-player\" width=\"640\" height=\"360\" src=\"https:\/\/www.youtube.com\/embed\/xrqCD0L6txM?version=3&#038;rel=1&#038;showsearch=0&#038;showinfo=1&#038;iv_load_policy=1&#038;fs=1&#038;hl=en-US&#038;autohide=2&#038;wmode=transparent\" allowfullscreen=\"true\" style=\"border:0;\" sandbox=\"allow-scripts allow-same-origin allow-popups allow-presentation allow-popups-to-escape-sandbox\"><\/iframe><\/span>\n<\/div><figcaption><strong>Trailer<\/strong><\/figcaption><\/figure>\n\n\n\n<p>Es una serie reflexiva, con temas de profundidad \u00e1lgidos c\u00f3mo: Sobreprotecci\u00f3n parental, bullying, familias desestructuradas, desprecio a los profesores, son algunos de los temas que se describe en est\u00e1 serie con una delicadeza impl\u00edcita; y por supuesto con un debate claro y perfectamente extrapolable. <\/p>\n\n\n\n<blockquote class=\"wp-block-quote is-layout-flow wp-block-quote-is-layout-flow\"><p>No estoy seguro qu\u00e9 sea del agrado de todas las audiencias, pero es una opci\u00f3n interesante y diferente para disfrutar, empezando el a\u00f1o 2020.<\/p><\/blockquote>\n\n\n\n<h2 class=\"wp-block-heading\">Accesibilidad <\/h2>\n\n\n\n<p>Me da gusto qu\u00e9 est\u00e9 disponible en espa\u00f1ol. <strong>Me hubiera gustado qu\u00e9 la traducci\u00f3n l\u00f3gica hubiera sido el ingl\u00e9s.<\/strong> Pero, sino quieres seguir la recomendaci\u00f3n del idioma sugerido, puedes escucharla en su idioma original.<\/p>\n\n\n\n<blockquote class=\"wp-block-quote is-layout-flow wp-block-quote-is-layout-flow\"><p>\u00a1Feliz A\u00f1o! 2020. \u00a1Llegamos! <\/p><\/blockquote>","protected":false},"excerpt":{"rendered":"<p>En Macquero, despedimos el a\u00f1o con una serie irreverente y pol\u00e9mica. Sipnosis Rita\u00a0es una serie danesa\u00a0de comedia dram\u00e1tica,\u00a0creada por Christian Torpe para\u00a0TV 2.\u00a0Se estren\u00f3 en febrero de 2012 y funcion\u00f3 durante cuatro temporadas en Dinamarca e internacionalmente en\u00a0Netflix. Se estima\u00a0una quinta temporada confirmada en agosto de 2019 por Mille Dinesen,\u00a0y se emitir\u00e1 en 2020.\u00a0 Valoraci\u00f3n &hellip;<\/p>","protected":false},"author":2,"featured_media":8982,"comment_status":"closed","ping_status":"closed","sticky":false,"template":"","format":"standard","meta":{"jetpack_post_was_ever_published":false,"_jetpack_newsletter_access":"","_jetpack_dont_email_post_to_subs":false,"_jetpack_newsletter_tier_id":0,"_jetpack_memberships_contains_paywalled_content":false,"_jetpack_memberships_contains_paid_content":false,"footnotes":"","jetpack_publicize_message":"","jetpack_publicize_feature_enabled":true,"jetpack_social_post_already_shared":true,"jetpack_social_options":{"image_generator_settings":{"template":"highway","default_image_id":0,"font":"","enabled":false},"version":2}},"categories":[770,696,733,732],"tags":[819,761],"class_list":["post-8978","post","type-post","status-publish","format-standard","has-post-thumbnail","hentry","category-analisis-netflix","category-netflix","category-originales-de-netflix","category-series","tag-ingeniosa","tag-irreverente"],"jetpack_publicize_connections":[],"jetpack_featured_media_url":"https:\/\/www.macquero.com\/wp-content\/uploads\/2019\/12\/www.macquero.com-captura-de-pantalla-2019-12-31-a-las-1.24.47-p.-m..png","jetpack_sharing_enabled":true,"_links":{"self":[{"href":"https:\/\/www.macquero.com\/en\/wp-json\/wp\/v2\/posts\/8978","targetHints":{"allow":["GET"]}}],"collection":[{"href":"https:\/\/www.macquero.com\/en\/wp-json\/wp\/v2\/posts"}],"about":[{"href":"https:\/\/www.macquero.com\/en\/wp-json\/wp\/v2\/types\/post"}],"author":[{"embeddable":true,"href":"https:\/\/www.macquero.com\/en\/wp-json\/wp\/v2\/users\/2"}],"replies":[{"embeddable":true,"href":"https:\/\/www.macquero.com\/en\/wp-json\/wp\/v2\/comments?post=8978"}],"version-history":[{"count":4,"href":"https:\/\/www.macquero.com\/en\/wp-json\/wp\/v2\/posts\/8978\/revisions"}],"predecessor-version":[{"id":8984,"href":"https:\/\/www.macquero.com\/en\/wp-json\/wp\/v2\/posts\/8978\/revisions\/8984"}],"wp:featuredmedia":[{"embeddable":true,"href":"https:\/\/www.macquero.com\/en\/wp-json\/wp\/v2\/media\/8982"}],"wp:attachment":[{"href":"https:\/\/www.macquero.com\/en\/wp-json\/wp\/v2\/media?parent=8978"}],"wp:term":[{"taxonomy":"category","embeddable":true,"href":"https:\/\/www.macquero.com\/en\/wp-json\/wp\/v2\/categories?post=8978"},{"taxonomy":"post_tag","embeddable":true,"href":"https:\/\/www.macquero.com\/en\/wp-json\/wp\/v2\/tags?post=8978"}],"curies":[{"name":"wp","href":"https:\/\/api.w.org\/{rel}","templated":true}]}}