{"id":8929,"date":"2019-12-20T15:57:14","date_gmt":"2019-12-20T20:57:14","guid":{"rendered":"http:\/\/www.macquero.com\/?p=8929"},"modified":"2021-11-25T00:51:31","modified_gmt":"2021-11-25T06:51:31","slug":"breve-opinion-the-witcher","status":"publish","type":"post","link":"https:\/\/www.macquero.com\/en\/2019\/12\/breve-opinion-the-witcher\/","title":{"rendered":"The Witcher."},"content":{"rendered":"<p>Puntuaci\u00f3n: &#x2b50;<\/p>\n\n\n\n<p>Una nueva serie aparece en el cat\u00e1logo de opciones de Netflix el d\u00eda de hoy.<\/p>\n\n\n\n<h3 class=\"wp-block-heading\">Sipnosis<\/h3>\n\n\n\n<p>The Witcher&nbsp;es una serie de fantas\u00eda producida por&nbsp;Netflix&nbsp;que se estrena justamente el 20 de diciembre de 2019. Basada en las obras de la&nbsp;saga de Geralt de Rivia&nbsp;de&nbsp;Andrzej Sapkowski.<\/p>\n\n\n\n<p>Geralt de Rivia, brujo y mutante sobrehumano, se gana la vida como cazador de monstruos en una tierra de magia y maravilla: con sus dos espadas al hombro -la de acero para hombres, y la de plata para bestias- da cuenta de estriges, mant\u00edcoras, grifos, vampiros, quimeras y lobisomes, pero solo cuando amenazan la paz.<\/p>\n\n\n\n<h3 class=\"wp-block-heading\">Valoraci\u00f3n<\/h3>\n\n\n\n<p>La serie cuenta con todas las caracter\u00edsticas y elementos necesarios para ser un drama de fantas\u00eda qu\u00e9 puede que llene expectativas. Visualmente en lo personal convence a medias. El apartado de fotograf\u00eda goza de muchos detalles, pero el trabajo de efectos especiales algunas veces no satisface.<\/p>\n\n\n\n<blockquote class=\"wp-block-quote is-layout-flow wp-block-quote-is-layout-flow\"><p>Las coreograf\u00edas de luchas cuerpo contra cuerpo son sobresalientes.   <\/p><\/blockquote>\n\n\n\n<p>Desde el punto de vista de la historia, en lo personal a mi no me encanta. Sin embargo, esta opini\u00f3n no desmerece de ninguna manera est\u00e1 producci\u00f3n, qu\u00e9 seguramente puede qu\u00e9 si llene tus expectativas.<\/p>\n\n\n\n<p>Se puede ver.<\/p>","protected":false},"excerpt":{"rendered":"<p>Puntuaci\u00f3n: &#x2b50; Una nueva serie aparece en el cat\u00e1logo de opciones de Netflix el d\u00eda de hoy. Sipnosis The Witcher&nbsp;es una serie de fantas\u00eda producida por&nbsp;Netflix&nbsp;que se estrena justamente el 20 de diciembre de 2019. Basada en las obras de la&nbsp;saga de Geralt de Rivia&nbsp;de&nbsp;Andrzej Sapkowski. Geralt de Rivia, brujo y mutante sobrehumano, se gana &hellip;<\/p>","protected":false},"author":2,"featured_media":8932,"comment_status":"closed","ping_status":"closed","sticky":false,"template":"","format":"standard","meta":{"jetpack_post_was_ever_published":false,"_jetpack_newsletter_access":"","_jetpack_dont_email_post_to_subs":false,"_jetpack_newsletter_tier_id":0,"_jetpack_memberships_contains_paywalled_content":false,"_jetpack_memberships_contains_paid_content":false,"footnotes":"","jetpack_publicize_message":"","jetpack_publicize_feature_enabled":true,"jetpack_social_post_already_shared":true,"jetpack_social_options":{"image_generator_settings":{"template":"highway","default_image_id":0,"font":"","enabled":false},"version":2}},"categories":[1019,733,732],"tags":[303],"class_list":["post-8929","post","type-post","status-publish","format-standard","has-post-thumbnail","hentry","category-analisis-y-opinion","category-originales-de-netflix","category-series","tag-drama"],"jetpack_publicize_connections":[],"jetpack_featured_media_url":"https:\/\/www.macquero.com\/wp-content\/uploads\/2019\/12\/www.macquero.com-captura-de-pantalla-2019-12-20-a-las-4.51.56-p.-m..png","jetpack_sharing_enabled":true,"_links":{"self":[{"href":"https:\/\/www.macquero.com\/en\/wp-json\/wp\/v2\/posts\/8929","targetHints":{"allow":["GET"]}}],"collection":[{"href":"https:\/\/www.macquero.com\/en\/wp-json\/wp\/v2\/posts"}],"about":[{"href":"https:\/\/www.macquero.com\/en\/wp-json\/wp\/v2\/types\/post"}],"author":[{"embeddable":true,"href":"https:\/\/www.macquero.com\/en\/wp-json\/wp\/v2\/users\/2"}],"replies":[{"embeddable":true,"href":"https:\/\/www.macquero.com\/en\/wp-json\/wp\/v2\/comments?post=8929"}],"version-history":[{"count":7,"href":"https:\/\/www.macquero.com\/en\/wp-json\/wp\/v2\/posts\/8929\/revisions"}],"predecessor-version":[{"id":15952,"href":"https:\/\/www.macquero.com\/en\/wp-json\/wp\/v2\/posts\/8929\/revisions\/15952"}],"wp:featuredmedia":[{"embeddable":true,"href":"https:\/\/www.macquero.com\/en\/wp-json\/wp\/v2\/media\/8932"}],"wp:attachment":[{"href":"https:\/\/www.macquero.com\/en\/wp-json\/wp\/v2\/media?parent=8929"}],"wp:term":[{"taxonomy":"category","embeddable":true,"href":"https:\/\/www.macquero.com\/en\/wp-json\/wp\/v2\/categories?post=8929"},{"taxonomy":"post_tag","embeddable":true,"href":"https:\/\/www.macquero.com\/en\/wp-json\/wp\/v2\/tags?post=8929"}],"curies":[{"name":"wp","href":"https:\/\/api.w.org\/{rel}","templated":true}]}}