{"id":8918,"date":"2019-12-19T04:50:30","date_gmt":"2019-12-19T09:50:30","guid":{"rendered":"http:\/\/www.macquero.com\/?p=8918"},"modified":"2019-12-20T16:13:24","modified_gmt":"2019-12-20T21:13:24","slug":"analisis-velvet-coleccion","status":"publish","type":"post","link":"https:\/\/www.macquero.com\/en\/2019\/12\/analisis-velvet-coleccion\/","title":{"rendered":"An\u00e1lisis: Velvet Colecci\u00f3n."},"content":{"rendered":"<p>Mi siguiente recomendaci\u00f3n es tambi\u00e9n una producci\u00f3n independiente, en formato de entrega estilo telenovela.<\/p>\n\n\n\n<h3 class=\"wp-block-heading\">Sipnosis<\/h3>\n\n\n\n<p>Velvet Colecci\u00f3n&nbsp;es una&nbsp;serie de televisi\u00f3n espa\u00f1ola&nbsp;producida por&nbsp;Movistar+, en colaboraci\u00f3n con&nbsp;Bamb\u00fa Producciones, que gira en torno a la apertura de una nueva sede de Velvet en&nbsp;Barcelona, con un elenco coral d\u00f3nde destacan&nbsp;Marta Hazas,&nbsp;Asier Etxeand\u00eda,&nbsp;Adri\u00e1n Lastra,&nbsp;Fernando Guallar,&nbsp;M\u00f3nica Cruz,&nbsp;Aitana S\u00e1nchez-Gij\u00f3n,&nbsp;Adriana Ozores&nbsp;e&nbsp;Imanol Arias, entre otros.<\/p>\n\n\n\n<figure class=\"wp-block-embed-youtube wp-block-embed is-type-video is-provider-youtube wp-embed-aspect-16-9 wp-has-aspect-ratio\"><div class=\"wp-block-embed__wrapper\">\n<span class=\"embed-youtube\" style=\"text-align:center; display: block;\"><iframe loading=\"lazy\" class=\"youtube-player\" width=\"640\" height=\"360\" src=\"https:\/\/www.youtube.com\/embed\/IslontniyDQ?version=3&#038;rel=1&#038;showsearch=0&#038;showinfo=1&#038;iv_load_policy=1&#038;fs=1&#038;hl=en-US&#038;autohide=2&#038;wmode=transparent\" allowfullscreen=\"true\" style=\"border:0;\" sandbox=\"allow-scripts allow-same-origin allow-popups allow-presentation allow-popups-to-escape-sandbox\"><\/iframe><\/span>\n<\/div><figcaption><strong>Trailer<\/strong><\/figcaption><\/figure>\n\n\n\n<p>1967, despu\u00e9s de dos a\u00f1os viviendo en&nbsp;Nueva York&nbsp;junto a Alberto y su hijo, Ana Ribera vuelve a Espa\u00f1a para dar un paso m\u00e1s en su proyecto. Alberto y ella han liderado la compa\u00f1\u00eda a distancia y han conseguido, con la ayuda de todos sus compa\u00f1eros y amigos, que Velvet siga siendo referencia de moda e innovaci\u00f3n.<\/p>\n\n\n\n<h3 class=\"wp-block-heading\">Valoraci\u00f3n<\/h3>\n\n\n\n<p>Esta nueva serie es un&nbsp;<em>spin-off<\/em>&nbsp;de su predecesora producci\u00f3n llamada Velvet. Misma qu\u00e9 deber\u00edas ver desde sus cimientos, ya qu\u00e9 la historia gira en base a lo qu\u00e9 vivimos en otras temporadas.<\/p>\n\n\n\n<p>Con un impecable trabajo de fotograf\u00eda, la serie logra cautivarnos por much\u00edsimos detalles de utiler\u00eda, vestuario y locaciones a una \u00e9poca qu\u00e9 personalmente no viv\u00ed, (porqu\u00e9 yo no hab\u00eda nacido), pero recuerdo de manera grata a trav\u00e9s de los a\u00f1os de mi crianza.<\/p>\n\n\n\n<h3 class=\"wp-block-heading\">Alerta de spoiler<\/h3>\n\n\n\n<figure class=\"wp-block-embed-youtube wp-block-embed is-type-video is-provider-youtube wp-embed-aspect-16-9 wp-has-aspect-ratio\"><div class=\"wp-block-embed__wrapper\">\n<span class=\"embed-youtube\" style=\"text-align:center; display: block;\"><iframe loading=\"lazy\" class=\"youtube-player\" width=\"640\" height=\"360\" src=\"https:\/\/www.youtube.com\/embed\/n9PwIfMEeVs?version=3&#038;rel=1&#038;showsearch=0&#038;showinfo=1&#038;iv_load_policy=1&#038;fs=1&#038;hl=en-US&#038;autohide=2&#038;wmode=transparent\" allowfullscreen=\"true\" style=\"border:0;\" sandbox=\"allow-scripts allow-same-origin allow-popups allow-presentation allow-popups-to-escape-sandbox\"><\/iframe><\/span>\n<\/div><figcaption><strong>Trailer Velvet<\/strong><\/figcaption><\/figure>\n\n\n\n<p>Velvet comenz\u00f3 en 1958, cuando las clientas adineradas de Madrid no ten\u00edan demasiada osad\u00eda a la hora de vestir. Esta nueva entrega comienza a finales de los sesenta, con Ana y familia desde Nueva York mientras gu\u00edan las galer\u00edas desde la distancia.<\/p>\n\n\n\n<figure class=\"wp-block-embed-youtube wp-block-embed is-type-video is-provider-youtube wp-embed-aspect-16-9 wp-has-aspect-ratio\"><div class=\"wp-block-embed__wrapper\">\n<span class=\"embed-youtube\" style=\"text-align:center; display: block;\"><iframe loading=\"lazy\" class=\"youtube-player\" width=\"640\" height=\"360\" src=\"https:\/\/www.youtube.com\/embed\/wb4Q1PiPiZM?version=3&#038;rel=1&#038;showsearch=0&#038;showinfo=1&#038;iv_load_policy=1&#038;fs=1&#038;hl=en-US&#038;autohide=2&#038;wmode=transparent\" allowfullscreen=\"true\" style=\"border:0;\" sandbox=\"allow-scripts allow-same-origin allow-popups allow-presentation allow-popups-to-escape-sandbox\"><\/iframe><\/span>\n<\/div><figcaption><strong>Trailer Velvet Colecci\u00f3n &#8211; 2da temporada<\/strong><\/figcaption><\/figure>\n\n\n\n<p>Velvet Colecci\u00f3n no podr\u00e1 ser exactamente la misma de antes (y yo, lo agradezco un mont\u00f3n), los fans seguramente no estar\u00e1n de acuerdo conmigo, yo aprecio el nuevo giro por dos razones: se mudan a Barcelona, (todo luce con nuevos aires), los episodios ahora, son un poquito m\u00e1s cortos. \u00a1Gracias! <\/p>\n\n\n\n<p>La serie Velvet cuenta con 4 temporadas, y Velvet Colecci\u00f3n con 2, aunque por all\u00ed le\u00ed, que se acerca una tercera y \u00faltima temporada.<\/p>\n\n\n\n<h3 class=\"wp-block-heading\">Finales de los a\u00f1os 60\u00b4s<\/h3>\n\n\n\n<p>Existe un aire imperceptible de modernidad, tecnolog\u00eda de ensue\u00f1o de la \u00e9poca y tradicionalmente un estilo de vida fundamental.<\/p>\n\n\n\n<blockquote class=\"wp-block-quote is-layout-flow wp-block-quote-is-layout-flow\"><p>Sus mujeres es una de las razones por la cu\u00e1l me sub\u00ed a est\u00e1 maquina del tiempo. Tambi\u00e9n hay nuevos rostros para las chicas.  <\/p><\/blockquote>\n\n\n\n<p>El gui\u00f3n es fresco y llamativo, aunque arrastra algunas estelas de la antigua producci\u00f3n. -La moda finalmente llega con buenos ojos, (es la qu\u00e9 pude apreciar en mis a\u00f1os de ni\u00f1ez, a principio de los 70\u00b4s). <\/p>\n\n\n\n<blockquote class=\"wp-block-quote is-layout-flow wp-block-quote-is-layout-flow\"><p>Para los amantes de lo retro es una excelente apuesta para seguirla. <\/p><\/blockquote>\n\n\n\n<p>\u00a1Hala!, la \u00fanica pega (c\u00f3mo dir\u00edan los espa\u00f1oles), es la banda sonora, no me gusta. <\/p>\n\n\n\n<blockquote class=\"wp-block-quote is-layout-flow wp-block-quote-is-layout-flow\"><p>Bueno, bueno, bueno no os enoj\u00e9is, qu\u00e9 la serie no gira en torno a eso.<\/p><\/blockquote>\n\n\n\n<p>Velvet es una celebraci\u00f3n que ser\u00e1&nbsp;la mejor excusa para recordar dos d\u00e9cadas: finales de los 60\u00b4s y principios de los 70\u00b4s tiempos que marcaron un inicio y un despu\u00e9s en la vida de muchos. <\/p>","protected":false},"excerpt":{"rendered":"<p>Mi siguiente recomendaci\u00f3n es tambi\u00e9n una producci\u00f3n independiente, en formato de entrega estilo telenovela. Sipnosis Velvet Colecci\u00f3n&nbsp;es una&nbsp;serie de televisi\u00f3n espa\u00f1ola&nbsp;producida por&nbsp;Movistar+, en colaboraci\u00f3n con&nbsp;Bamb\u00fa Producciones, que gira en torno a la apertura de una nueva sede de Velvet en&nbsp;Barcelona, con un elenco coral d\u00f3nde destacan&nbsp;Marta Hazas,&nbsp;Asier Etxeand\u00eda,&nbsp;Adri\u00e1n Lastra,&nbsp;Fernando Guallar,&nbsp;M\u00f3nica Cruz,&nbsp;Aitana S\u00e1nchez-Gij\u00f3n,&nbsp;Adriana Ozores&nbsp;e&nbsp;Imanol Arias, entre &hellip;<\/p>","protected":false},"author":2,"featured_media":8926,"comment_status":"closed","ping_status":"closed","sticky":false,"template":"","format":"standard","meta":{"jetpack_post_was_ever_published":false,"_jetpack_newsletter_access":"","_jetpack_dont_email_post_to_subs":false,"_jetpack_newsletter_tier_id":0,"_jetpack_memberships_contains_paywalled_content":false,"_jetpack_memberships_contains_paid_content":false,"footnotes":"","jetpack_publicize_message":"","jetpack_publicize_feature_enabled":true,"jetpack_social_post_already_shared":true,"jetpack_social_options":{"image_generator_settings":{"template":"highway","default_image_id":0,"font":"","enabled":false},"version":2}},"categories":[770,696,732],"tags":[303,775,798],"class_list":["post-8918","post","type-post","status-publish","format-standard","has-post-thumbnail","hentry","category-analisis-netflix","category-netflix","category-series","tag-drama","tag-emotivo","tag-telenovela"],"jetpack_publicize_connections":[],"jetpack_featured_media_url":"https:\/\/www.macquero.com\/wp-content\/uploads\/2019\/12\/www.macquero.com-captura-de-pantalla-2019-12-19-a-las-5.35.27-a.-m..png","jetpack_sharing_enabled":true,"_links":{"self":[{"href":"https:\/\/www.macquero.com\/en\/wp-json\/wp\/v2\/posts\/8918","targetHints":{"allow":["GET"]}}],"collection":[{"href":"https:\/\/www.macquero.com\/en\/wp-json\/wp\/v2\/posts"}],"about":[{"href":"https:\/\/www.macquero.com\/en\/wp-json\/wp\/v2\/types\/post"}],"author":[{"embeddable":true,"href":"https:\/\/www.macquero.com\/en\/wp-json\/wp\/v2\/users\/2"}],"replies":[{"embeddable":true,"href":"https:\/\/www.macquero.com\/en\/wp-json\/wp\/v2\/comments?post=8918"}],"version-history":[{"count":9,"href":"https:\/\/www.macquero.com\/en\/wp-json\/wp\/v2\/posts\/8918\/revisions"}],"predecessor-version":[{"id":8937,"href":"https:\/\/www.macquero.com\/en\/wp-json\/wp\/v2\/posts\/8918\/revisions\/8937"}],"wp:featuredmedia":[{"embeddable":true,"href":"https:\/\/www.macquero.com\/en\/wp-json\/wp\/v2\/media\/8926"}],"wp:attachment":[{"href":"https:\/\/www.macquero.com\/en\/wp-json\/wp\/v2\/media?parent=8918"}],"wp:term":[{"taxonomy":"category","embeddable":true,"href":"https:\/\/www.macquero.com\/en\/wp-json\/wp\/v2\/categories?post=8918"},{"taxonomy":"post_tag","embeddable":true,"href":"https:\/\/www.macquero.com\/en\/wp-json\/wp\/v2\/tags?post=8918"}],"curies":[{"name":"wp","href":"https:\/\/api.w.org\/{rel}","templated":true}]}}