{"id":8690,"date":"2019-11-24T20:57:11","date_gmt":"2019-11-25T01:57:11","guid":{"rendered":"http:\/\/www.macquero.com\/?p=8690"},"modified":"2021-10-26T23:08:14","modified_gmt":"2021-10-27T04:08:14","slug":"breve-opinion-amar","status":"publish","type":"post","link":"https:\/\/www.macquero.com\/en\/2019\/11\/breve-opinion-amar\/","title":{"rendered":"Breve opini\u00f3n: Amar"},"content":{"rendered":"<p>Puntuaci\u00f3n: &#x2b50;&#x2b50;&#x2b50;<\/p>\n\n\n\n<p>Sigo en la senda de recomendaciones de pel\u00edculas para cine independiente.<\/p>\n\n\n\n<h3 class=\"wp-block-heading\">Argumento<\/h3>\n\n\n\n<p>El amor durante la adolescencia puede ser una paradoja. Por un lado, est\u00e1 la premisa de que dos personas se quieran en un periodo de sus vidas -en un tiempo en el que se est\u00e1n formando como individuos y, por tanto, lo m\u00e1s probable es que ni siquiera tienen claro si se quieren a s\u00ed mismos.<\/p>\n\n\n\n<h3 class=\"wp-block-heading\">Sipnosis<\/h3>\n\n\n\n<p>Laura y Carlos, son dos j\u00f3venes normales de Valencia. Ella est\u00e1 terminando el instituto, \u00e9l empezando la universidad. Est\u00e1n enamorados y viven ese amor con una intensidad impetuosa, casi enfermiza.<\/p>\n\n\n\n<h3 class=\"wp-block-heading\">Valoraci\u00f3n<\/h3>\n\n\n\n<p>&#8216;Amar&#8217; explora la cotidianidad de la pareja, no solo los momentos \u00edntimos de&nbsp;experimentaci\u00f3n sexual y emocional,&nbsp;sino tambi\u00e9n todo el cortejo, los paseos de casa a la academia, el compartir con las familias de ambos y las salidas en pareja.<\/p>\n\n\n\n<p>Una mirada a ese primer amor, a trav\u00e9s de los caminos de la sinuosa pubertad, dejando ver de manera impl\u00edcita una pasi\u00f3n a ritmo acelerado y palpando ese dolor, por el qu\u00e9 todos alguna vez hemos llegado a vivir. &nbsp;<\/p>\n\n\n\n<p>Esta interesante.<\/p>","protected":false},"excerpt":{"rendered":"<p>Puntuaci\u00f3n: &#x2b50;&#x2b50;&#x2b50; Sigo en la senda de recomendaciones de pel\u00edculas para cine independiente. Argumento El amor durante la adolescencia puede ser una paradoja. Por un lado, est\u00e1 la premisa de que dos personas se quieran en un periodo de sus vidas -en un tiempo en el que se est\u00e1n formando como individuos y, por tanto, &hellip;<\/p>","protected":false},"author":2,"featured_media":8693,"comment_status":"closed","ping_status":"closed","sticky":false,"template":"","format":"standard","meta":{"jetpack_post_was_ever_published":false,"_jetpack_newsletter_access":"","_jetpack_dont_email_post_to_subs":false,"_jetpack_newsletter_tier_id":0,"_jetpack_memberships_contains_paywalled_content":false,"_jetpack_memberships_contains_paid_content":false,"footnotes":"","jetpack_publicize_message":"","jetpack_publicize_feature_enabled":true,"jetpack_social_post_already_shared":true,"jetpack_social_options":{"image_generator_settings":{"template":"highway","default_image_id":0,"font":"","enabled":false},"version":2}},"categories":[1007],"tags":[801],"class_list":["post-8690","post","type-post","status-publish","format-standard","has-post-thumbnail","hentry","category-avances","tag-drama-juvenil"],"jetpack_publicize_connections":[],"jetpack_featured_media_url":"https:\/\/www.macquero.com\/wp-content\/uploads\/2019\/11\/www.macquero.com-captura-de-pantalla-2019-11-24-a-las-9.49.25-p.-m..png","jetpack_sharing_enabled":true,"_links":{"self":[{"href":"https:\/\/www.macquero.com\/en\/wp-json\/wp\/v2\/posts\/8690","targetHints":{"allow":["GET"]}}],"collection":[{"href":"https:\/\/www.macquero.com\/en\/wp-json\/wp\/v2\/posts"}],"about":[{"href":"https:\/\/www.macquero.com\/en\/wp-json\/wp\/v2\/types\/post"}],"author":[{"embeddable":true,"href":"https:\/\/www.macquero.com\/en\/wp-json\/wp\/v2\/users\/2"}],"replies":[{"embeddable":true,"href":"https:\/\/www.macquero.com\/en\/wp-json\/wp\/v2\/comments?post=8690"}],"version-history":[{"count":6,"href":"https:\/\/www.macquero.com\/en\/wp-json\/wp\/v2\/posts\/8690\/revisions"}],"predecessor-version":[{"id":15228,"href":"https:\/\/www.macquero.com\/en\/wp-json\/wp\/v2\/posts\/8690\/revisions\/15228"}],"wp:featuredmedia":[{"embeddable":true,"href":"https:\/\/www.macquero.com\/en\/wp-json\/wp\/v2\/media\/8693"}],"wp:attachment":[{"href":"https:\/\/www.macquero.com\/en\/wp-json\/wp\/v2\/media?parent=8690"}],"wp:term":[{"taxonomy":"category","embeddable":true,"href":"https:\/\/www.macquero.com\/en\/wp-json\/wp\/v2\/categories?post=8690"},{"taxonomy":"post_tag","embeddable":true,"href":"https:\/\/www.macquero.com\/en\/wp-json\/wp\/v2\/tags?post=8690"}],"curies":[{"name":"wp","href":"https:\/\/api.w.org\/{rel}","templated":true}]}}