{"id":8651,"date":"2019-11-19T07:13:12","date_gmt":"2019-11-19T12:13:12","guid":{"rendered":"http:\/\/www.macquero.com\/?p=8651"},"modified":"2021-10-31T17:42:52","modified_gmt":"2021-10-31T23:42:52","slug":"opinion-camino-a-marte","status":"publish","type":"post","link":"https:\/\/www.macquero.com\/en\/2019\/11\/opinion-camino-a-marte\/","title":{"rendered":"Camino a Marte."},"content":{"rendered":"<p>Puntuaci\u00f3n: &#x2b50;&#x2b50;&#x2b50;&#x2b50;<\/p>\n\n\n\n<p>Me gustan mucho los film de corte independiente, en especial los de producci\u00f3n mexicana. As\u00ed, qu\u00e9 dicho esto: te invito a disfrutar de est\u00e1 pel\u00edcula, si a\u00fan no las visto.<\/p>\n\n\n\n<h3 class=\"wp-block-heading\">Sipnosis<\/h3>\n\n\n\n<p>Dos amigas Violeta (<a rel=\"noreferrer noopener\" aria-label=\"Camila Sodi (opens in a new tab)\" href=\"https:\/\/www.instagram.com\/camilasodi_\/\" target=\"_blank\"><strong>Camila Sodi<\/strong><\/a>) y Emilia (<a rel=\"noreferrer noopener\" aria-label=\"Tessa \u00cda (opens in a new tab)\" href=\"https:\/\/www.instagram.com\/tessaurusrex\/\" target=\"_blank\"><strong>Tessa \u00cda<\/strong><\/a>) emprenden el viaje de sus sue\u00f1os, pero un encuentro con un individuo que asegura ser de otro planeta. Mark (<a rel=\"noreferrer noopener\" aria-label=\"Luis Gerardo M\u00e9ndez (opens in a new tab)\" href=\"https:\/\/www.instagram.com\/luisgerardom\/\" target=\"_blank\"><strong>Luis Gerardo M\u00e9ndez<\/strong><\/a>). las pondr\u00e1 a prueba.<\/p>\n\n\n\n<blockquote class=\"wp-block-quote is-layout-flow wp-block-quote-is-layout-flow\"><p>Am\u00e9 el trabajo de interpretaci\u00f3n de ambas actrices. Y por supuesto fan de su belleza \u00fanica.<\/p><\/blockquote>\n\n\n\n<h3 class=\"wp-block-heading\">Valoraci\u00f3n<\/h3>\n\n\n\n<p>Esta pel\u00edcula se desdobla a trav\u00e9s de un interesante viaje, para darle importancia a todo aquello que damos por sentado. -La vida. <\/p>\n\n\n\n<p>El espectador en est\u00e9 film se vuelve parte de un recorrido emocionante de magia, admiraci\u00f3n y auto descubrimiento.<\/p>\n\n\n\n<p>Un film de corte dram\u00e1tico, con escenas bonitas de romance que se dejan ver de manera discreta con algo de ciencia ficci\u00f3n. El trabajo de fotograf\u00eda es realmente hermoso y dignifica toda la producci\u00f3n. Cada momento de la historia es cuidadosamente enmarcado a trav\u00e9s de diferentes exteriores y bellos paisajes de la pen\u00ednsula de Baja California.&nbsp;<\/p>\n\n\n\n<p>Un film con un poderoso mensaje que logra enganchar al espectador y lo transporta al lugar; con cada kil\u00f3metro recorrido. <\/p>\n\n\n\n<p><strong>\u00a1Recomendada!<\/strong><\/p>","protected":false},"excerpt":{"rendered":"<p>Puntuaci\u00f3n: &#x2b50;&#x2b50;&#x2b50;&#x2b50; Me gustan mucho los film de corte independiente, en especial los de producci\u00f3n mexicana. As\u00ed, qu\u00e9 dicho esto: te invito a disfrutar de est\u00e1 pel\u00edcula, si a\u00fan no las visto. Sipnosis Dos amigas Violeta (Camila Sodi) y Emilia (Tessa \u00cda) emprenden el viaje de sus sue\u00f1os, pero un encuentro con un individuo que &hellip;<\/p>","protected":false},"author":2,"featured_media":8655,"comment_status":"closed","ping_status":"closed","sticky":false,"template":"","format":"standard","meta":{"jetpack_post_was_ever_published":false,"_jetpack_newsletter_access":"","_jetpack_dont_email_post_to_subs":false,"_jetpack_newsletter_tier_id":0,"_jetpack_memberships_contains_paywalled_content":false,"_jetpack_memberships_contains_paid_content":false,"footnotes":"","jetpack_publicize_message":"","jetpack_publicize_feature_enabled":true,"jetpack_social_post_already_shared":true,"jetpack_social_options":{"image_generator_settings":{"template":"highway","default_image_id":0,"font":"","enabled":false},"version":2}},"categories":[766],"tags":[303],"class_list":["post-8651","post","type-post","status-publish","format-standard","has-post-thumbnail","hentry","category-cine-netflix","tag-drama"],"jetpack_publicize_connections":[],"jetpack_featured_media_url":"https:\/\/www.macquero.com\/wp-content\/uploads\/2019\/11\/www.macquero.com-opinion-camino-a-marte-captura-de-pantalla-2019-11-19-a-las-8.10.13-a.-m..png","jetpack_sharing_enabled":true,"_links":{"self":[{"href":"https:\/\/www.macquero.com\/en\/wp-json\/wp\/v2\/posts\/8651","targetHints":{"allow":["GET"]}}],"collection":[{"href":"https:\/\/www.macquero.com\/en\/wp-json\/wp\/v2\/posts"}],"about":[{"href":"https:\/\/www.macquero.com\/en\/wp-json\/wp\/v2\/types\/post"}],"author":[{"embeddable":true,"href":"https:\/\/www.macquero.com\/en\/wp-json\/wp\/v2\/users\/2"}],"replies":[{"embeddable":true,"href":"https:\/\/www.macquero.com\/en\/wp-json\/wp\/v2\/comments?post=8651"}],"version-history":[{"count":5,"href":"https:\/\/www.macquero.com\/en\/wp-json\/wp\/v2\/posts\/8651\/revisions"}],"predecessor-version":[{"id":15674,"href":"https:\/\/www.macquero.com\/en\/wp-json\/wp\/v2\/posts\/8651\/revisions\/15674"}],"wp:featuredmedia":[{"embeddable":true,"href":"https:\/\/www.macquero.com\/en\/wp-json\/wp\/v2\/media\/8655"}],"wp:attachment":[{"href":"https:\/\/www.macquero.com\/en\/wp-json\/wp\/v2\/media?parent=8651"}],"wp:term":[{"taxonomy":"category","embeddable":true,"href":"https:\/\/www.macquero.com\/en\/wp-json\/wp\/v2\/categories?post=8651"},{"taxonomy":"post_tag","embeddable":true,"href":"https:\/\/www.macquero.com\/en\/wp-json\/wp\/v2\/tags?post=8651"}],"curies":[{"name":"wp","href":"https:\/\/api.w.org\/{rel}","templated":true}]}}