{"id":8276,"date":"2019-09-20T14:19:49","date_gmt":"2019-09-20T19:19:49","guid":{"rendered":"http:\/\/www.macquero.com\/?p=8276"},"modified":"2019-09-20T14:20:00","modified_gmt":"2019-09-20T19:20:00","slug":"ios-13-es-oficial","status":"publish","type":"post","link":"https:\/\/www.macquero.com\/en\/2019\/09\/ios-13-es-oficial\/","title":{"rendered":"iOS 13 es oficial."},"content":{"rendered":"<p>La&nbsp;nueva versi\u00f3n del sistema operativo para iPhone ya est\u00e1 disponible para todos los usuarios. <\/p>\n\n\n\n<p>La compa\u00f1\u00eda de Cupertino ha lanzado este sistema operativo a tan solo unas horas de que los iPhone 11 y iPhone 11 Pro est\u00e9n ya a la venta oficialmente. <\/p>\n\n\n\n<h3 class=\"wp-block-heading\">News<\/h3>\n\n\n\n<p>Mejoras en el&nbsp;<strong>cuidado de la bater\u00eda<\/strong>&nbsp;incluyendo procesos inteligentes como, por ejemplo, tener cargado el dispositivo por la noche y que en cuenta has configurado una alarma a las 9:00 horas comience a recargar la bater\u00eda el tiempo justo para que est\u00e9 al 100%.<\/p>\n\n\n\n<p>Nueva funcionalidad de&nbsp;<strong>ahorro de datos m\u00f3viles<\/strong>, haciendo que las aplicaciones consuman menos y reduzcas el consumo de tu tarifa.<\/p>\n\n\n\n<p>El esperado&nbsp;<strong>modo oscuro<\/strong>&nbsp;hace un esperado debut en esta versi\u00f3n. Es configurable de forma manual o autom\u00e1tica en ciertos horarios. Tanto las aplicaciones nativas como incluso el fondo de pantalla se oscurecer\u00e1 al tenerlo activado.<\/p>\n\n\n\n<p>La app de&nbsp;<strong>Recordatorios se ha redise\u00f1ado<\/strong>&nbsp;haci\u00e9ndola m\u00e1s eficiente gracias a una esmerada interfaz.<\/p>\n\n\n\n<p>Los&nbsp;<strong>Mapas de Apple mejoran<\/strong>&nbsp;en esta versi\u00f3n con un Street View similar al que tiene Google.<\/p>\n\n\n\n<p>Se han a\u00f1adido&nbsp;<strong>nuevos<\/strong>&nbsp;<strong>Animoji<\/strong>&nbsp;con m\u00e1s personalizaci\u00f3n.<\/p>\n\n\n\n<p>Los&nbsp;<strong>Atajos<\/strong>&nbsp;se han hecho un poco m\u00e1s sencillos para aquellos que no controlan este tipo de acciones. Gracias a las automatizaciones y consejos de Siri podr\u00e1s crear atajos de una forma m\u00e1s sencilla.<\/p>\n\n\n\n<p><strong>HomeKit<\/strong>, el paquete de herramientas para desarrolladores de aplicaciones relacionadas con accesorios de dom\u00f3tica, ha sido mejorado con nuevas funcionalidades como la de controlar las c\u00e1maras de seguridad y almacenar las grabaciones durante 10 d\u00edas.<\/p>\n\n\n\n<p>Mayor&nbsp;<strong>seguridad a la hora de registrarse en sitios web<\/strong>&nbsp;gracias al \u2018sign in with Apple\u2019. Algo similar a lo que ocurre con los inicios de sesi\u00f3n con cuentas de Google o Facebook, pero con la diferencia de que Apple genera una serie de cuentas aleatorias que hacen que nuestro registro sea seguro para evitar spam y recopilaci\u00f3n il\u00edcita de informaci\u00f3n por parte de terceros.<\/p>\n\n\n\n<p>Ya se pueden a\u00f1adir tipos de fuente externas para trabajar en documentos como Word o Pages.<\/p>\n\n\n\n<p>A partir de ahora podr\u00e1s&nbsp;<strong>acceder ya a algunos ajustes de C\u00e1mara desde la propia aplicaci\u00f3n.&nbsp;<\/strong>Por ejemplo: los ajustes de iluminaci\u00f3n, filtros y otros efectos.<\/p>\n\n\n\n<p>Mejoras en aplicaciones nativas como Salud, en la cual se a\u00f1ade un&nbsp;<strong>seguimiento del ciclo menstrual.<\/strong><\/p>\n\n\n\n<p>Compatibilidad con&nbsp;<strong>mandos de Xbox y Play Station.&nbsp;<\/strong><\/p>\n\n\n\n<p>M\u00e1s informaci\u00f3n: <a rel=\"noreferrer noopener\" aria-label=\"Apple Oficial (opens in a new tab)\" href=\"https:\/\/www.apple.com\/la\/ios\/ios-13\/\" target=\"_blank\"><strong>Apple Oficial<\/strong><\/a>.<\/p>","protected":false},"excerpt":{"rendered":"<p>La&nbsp;nueva versi\u00f3n del sistema operativo para iPhone ya est\u00e1 disponible para todos los usuarios. La compa\u00f1\u00eda de Cupertino ha lanzado este sistema operativo a tan solo unas horas de que los iPhone 11 y iPhone 11 Pro est\u00e9n ya a la venta oficialmente. Novedades Mejoras en el&nbsp;cuidado de la bater\u00eda&nbsp;incluyendo procesos inteligentes como, por ejemplo, &hellip;<\/p>","protected":false},"author":2,"featured_media":8279,"comment_status":"closed","ping_status":"closed","sticky":false,"template":"","format":"standard","meta":{"jetpack_post_was_ever_published":false,"_jetpack_newsletter_access":"","_jetpack_dont_email_post_to_subs":false,"_jetpack_newsletter_tier_id":0,"_jetpack_memberships_contains_paywalled_content":false,"_jetpack_memberships_contains_paid_content":false,"footnotes":"","jetpack_publicize_message":"","jetpack_publicize_feature_enabled":true,"jetpack_social_post_already_shared":true,"jetpack_social_options":{"image_generator_settings":{"template":"highway","default_image_id":0,"font":"","enabled":false},"version":2}},"categories":[5],"tags":[286],"class_list":["post-8276","post","type-post","status-publish","format-standard","has-post-thumbnail","hentry","category-apple","tag-novedades"],"jetpack_publicize_connections":[],"jetpack_featured_media_url":"https:\/\/www.macquero.com\/wp-content\/uploads\/2019\/09\/www.macquero.com-ios-13-es-oficial-captura-de-pantalla-2019-09-20-a-las-3.14.25-p.-m..png","jetpack_sharing_enabled":true,"_links":{"self":[{"href":"https:\/\/www.macquero.com\/en\/wp-json\/wp\/v2\/posts\/8276","targetHints":{"allow":["GET"]}}],"collection":[{"href":"https:\/\/www.macquero.com\/en\/wp-json\/wp\/v2\/posts"}],"about":[{"href":"https:\/\/www.macquero.com\/en\/wp-json\/wp\/v2\/types\/post"}],"author":[{"embeddable":true,"href":"https:\/\/www.macquero.com\/en\/wp-json\/wp\/v2\/users\/2"}],"replies":[{"embeddable":true,"href":"https:\/\/www.macquero.com\/en\/wp-json\/wp\/v2\/comments?post=8276"}],"version-history":[{"count":3,"href":"https:\/\/www.macquero.com\/en\/wp-json\/wp\/v2\/posts\/8276\/revisions"}],"predecessor-version":[{"id":8281,"href":"https:\/\/www.macquero.com\/en\/wp-json\/wp\/v2\/posts\/8276\/revisions\/8281"}],"wp:featuredmedia":[{"embeddable":true,"href":"https:\/\/www.macquero.com\/en\/wp-json\/wp\/v2\/media\/8279"}],"wp:attachment":[{"href":"https:\/\/www.macquero.com\/en\/wp-json\/wp\/v2\/media?parent=8276"}],"wp:term":[{"taxonomy":"category","embeddable":true,"href":"https:\/\/www.macquero.com\/en\/wp-json\/wp\/v2\/categories?post=8276"},{"taxonomy":"post_tag","embeddable":true,"href":"https:\/\/www.macquero.com\/en\/wp-json\/wp\/v2\/tags?post=8276"}],"curies":[{"name":"wp","href":"https:\/\/api.w.org\/{rel}","templated":true}]}}