{"id":8098,"date":"2019-08-14T12:59:46","date_gmt":"2019-08-14T17:59:46","guid":{"rendered":"http:\/\/www.macquero.com\/?p=8098"},"modified":"2019-08-19T14:58:03","modified_gmt":"2019-08-19T19:58:03","slug":"apple-actualiza-el-apple-tv-de-3era-generacion","status":"publish","type":"post","link":"https:\/\/www.macquero.com\/en\/2019\/08\/apple-actualiza-el-apple-tv-de-3era-generacion\/","title":{"rendered":"Apple actualiza el Apple TV de 3era generaci\u00f3n."},"content":{"rendered":"<p>Hace un par de d\u00edas Apple, me invit\u00f3 a actualizar mi Apple TV de 3era generaci\u00f3n, me sorprendi\u00f3 la verdad.  <\/p>\n\n\n\n<p>Luego de la actualizaci\u00f3n la cu\u00e1l dur\u00f3 cerca de 3minutos no m\u00e1s de eso. Me encontr\u00e9 con <strong>un ligero cambio de interfaz<\/strong>, y un canal nuevo llamado Apple TV. <\/p>\n\n\n\n<p>Creo qu\u00e9 la ciencia de est\u00e9 nuevo canal, es dar paso a todas esas pel\u00edculas ya compradas en nuestro Apple TV,  con pel\u00edculas de lanzamiento, bibliotecas, y sin mucha novedad. Yo a\u00fan mantengo el iTunes activo porque lo utilizo como una especie de Plex Media Server. Para ver pel\u00edculas qu\u00e9 tengo desde hace mucho tiempo. <\/p>\n\n\n\n<p>Aunque ya no uso el Apple TV como antes, el cambio puede significar una opci\u00f3n interesante si cuentas con un equipo de \u00faltima generaci\u00f3n que soporte la \u00faltima versi\u00f3n de Mojave.<\/p>\n\n\n\n<p>Tipos de <a href=\"https:\/\/support.apple.com\/es-mx\/HT200008#appletv-3rd\" target=\"_blank\" rel=\"noreferrer noopener\" aria-label=\"Apple TV (opens in a new tab)\">Apple TV<\/a> y sus caracter\u00edsticas.<\/p>\n\n\n\n<p><\/p>","protected":false},"excerpt":{"rendered":"<p>Hace un par de d\u00edas Apple, me invit\u00f3 a actualizar mi Apple TV de 3era generaci\u00f3n, me sorprendi\u00f3 la verdad. Luego de la actualizaci\u00f3n la cu\u00e1l dur\u00f3 cerca de 3minutos no m\u00e1s de eso. Me encontr\u00e9 con un ligero cambio de interfaz, y un canal nuevo llamado Apple TV. Creo qu\u00e9 la ciencia de est\u00e9 &hellip;<\/p>","protected":false},"author":2,"featured_media":8100,"comment_status":"closed","ping_status":"closed","sticky":false,"template":"","format":"standard","meta":{"jetpack_post_was_ever_published":false,"_jetpack_newsletter_access":"","_jetpack_dont_email_post_to_subs":false,"_jetpack_newsletter_tier_id":0,"_jetpack_memberships_contains_paywalled_content":false,"_jetpack_memberships_contains_paid_content":false,"footnotes":"","jetpack_publicize_message":"","jetpack_publicize_feature_enabled":true,"jetpack_social_post_already_shared":true,"jetpack_social_options":{"image_generator_settings":{"template":"highway","default_image_id":0,"font":"","enabled":false},"version":2}},"categories":[596],"tags":[286],"class_list":["post-8098","post","type-post","status-publish","format-standard","has-post-thumbnail","hentry","category-apple-tv","tag-novedades"],"jetpack_publicize_connections":[],"jetpack_featured_media_url":"https:\/\/www.macquero.com\/wp-content\/uploads\/2019\/08\/www.macquero.com-apple-actualiza-el-apple-tv-de-3era-generacion-captura-de-pantalla-2019-08-14-a-las-1.54.58-p.-m..png","jetpack_sharing_enabled":true,"_links":{"self":[{"href":"https:\/\/www.macquero.com\/en\/wp-json\/wp\/v2\/posts\/8098","targetHints":{"allow":["GET"]}}],"collection":[{"href":"https:\/\/www.macquero.com\/en\/wp-json\/wp\/v2\/posts"}],"about":[{"href":"https:\/\/www.macquero.com\/en\/wp-json\/wp\/v2\/types\/post"}],"author":[{"embeddable":true,"href":"https:\/\/www.macquero.com\/en\/wp-json\/wp\/v2\/users\/2"}],"replies":[{"embeddable":true,"href":"https:\/\/www.macquero.com\/en\/wp-json\/wp\/v2\/comments?post=8098"}],"version-history":[{"count":1,"href":"https:\/\/www.macquero.com\/en\/wp-json\/wp\/v2\/posts\/8098\/revisions"}],"predecessor-version":[{"id":8101,"href":"https:\/\/www.macquero.com\/en\/wp-json\/wp\/v2\/posts\/8098\/revisions\/8101"}],"wp:featuredmedia":[{"embeddable":true,"href":"https:\/\/www.macquero.com\/en\/wp-json\/wp\/v2\/media\/8100"}],"wp:attachment":[{"href":"https:\/\/www.macquero.com\/en\/wp-json\/wp\/v2\/media?parent=8098"}],"wp:term":[{"taxonomy":"category","embeddable":true,"href":"https:\/\/www.macquero.com\/en\/wp-json\/wp\/v2\/categories?post=8098"},{"taxonomy":"post_tag","embeddable":true,"href":"https:\/\/www.macquero.com\/en\/wp-json\/wp\/v2\/tags?post=8098"}],"curies":[{"name":"wp","href":"https:\/\/api.w.org\/{rel}","templated":true}]}}