{"id":8024,"date":"2019-08-01T05:59:57","date_gmt":"2019-08-01T10:59:57","guid":{"rendered":"http:\/\/www.macquero.com\/?p=8024"},"modified":"2021-11-25T20:38:30","modified_gmt":"2021-11-26T02:38:30","slug":"opinion-merli","status":"publish","type":"post","link":"https:\/\/www.macquero.com\/en\/2019\/08\/opinion-merli\/","title":{"rendered":"Merl\u00ed"},"content":{"rendered":"<p>Puntuaci\u00f3n: &#x2b50;&#x2b50;&#x2b50;&#x2b50;&#x2b50;<\/p>\n\n\n\n<p>Merl\u00ed\u00a0es el nombre de la serie que estren\u00f3 su tercera y \u00faltima temporada el 15 de febrero en Netflix. Llam\u00f3 nuestra atenci\u00f3n, porqu\u00e9  es un g\u00e9nero que ha sabido impactar en todas las audiencias. <\/p>\n\n\n\n<p>Su protagonista, un profesor de filosof\u00eda de la tercera edad, con pensamiento rebelde, contestatario, est\u00e1 muy lejos de ser un personaje pol\u00edticamente correcto, aunque s\u00ed est\u00e1 muy cerca de sus alumnos y tiene la capacidad de seducirlos, y de encantarlos.<\/p>\n\n\n\n<blockquote class=\"wp-block-quote is-layout-flow wp-block-quote-is-layout-flow\"><p>Me record\u00f3 gratamente a la pel\u00edcula protagonizada por Robin Williams, La sociedad de los poetas muertos. Lo qu\u00e9 hace especial est\u00e1 serie, es la manera como est\u00e9 profesor cala entre sus alumnos.<\/p><\/blockquote>\n\n\n\n<p>Su palabra se convierte en magia, una magia capaz de transmitir el entusiasmo innato (que puede estar dormido en la mayor\u00eda de los adolescentes) por la filosof\u00eda y la necesidad de preguntarse de qu\u00e9 va la vida, cu\u00e1l es el sentido de lo que nos rodea. <\/p>\n\n\n\n<p>Cada cap\u00edtulo de las tres temporadas (disponibles en Netflix) plantea la pregunta de un fil\u00f3sofo en particular y as\u00ed nos presenta a los grandes pensadores. <\/p>\n\n\n\n<h3 class=\"wp-block-heading\">Es la primera vez que una serie de habla hispana, me convence, y me atrapa. \u00a1Est\u00e1 muy buena! Recomendada. <\/h3>\n\n\n\n<p><strong>Deb\u00e9is ver la serie en su idioma original.<\/strong> Est\u00e1 destinada en Catal\u00e1n. Sin embargo por fortuna, est\u00e1 en espa\u00f1ol, <strong>no el nuestro<\/strong> eso hay qu\u00e9 decirlo. La jerga espa\u00f1ola tiene un sin fin de palabras, que si no est\u00e1s acostumbrado a escucharlas, se pierden. No hay de otra. <\/p>","protected":false},"excerpt":{"rendered":"<p>Puntuaci\u00f3n: &#x2b50;&#x2b50;&#x2b50;&#x2b50;&#x2b50; Merl\u00ed\u00a0es el nombre de la serie que estren\u00f3 su tercera y \u00faltima temporada el 15 de febrero en Netflix. Llam\u00f3 nuestra atenci\u00f3n, porqu\u00e9 es un g\u00e9nero que ha sabido impactar en todas las audiencias. Su protagonista, un profesor de filosof\u00eda de la tercera edad, con pensamiento rebelde, contestatario, est\u00e1 muy lejos de ser &hellip;<\/p>","protected":false},"author":2,"featured_media":8028,"comment_status":"closed","ping_status":"closed","sticky":false,"template":"","format":"standard","meta":{"jetpack_post_was_ever_published":false,"_jetpack_newsletter_access":"","_jetpack_dont_email_post_to_subs":false,"_jetpack_newsletter_tier_id":0,"_jetpack_memberships_contains_paywalled_content":false,"_jetpack_memberships_contains_paid_content":false,"footnotes":"","jetpack_publicize_message":"","jetpack_publicize_feature_enabled":true,"jetpack_social_post_already_shared":true,"jetpack_social_options":{"image_generator_settings":{"template":"highway","default_image_id":0,"font":"","enabled":false},"version":2}},"categories":[733,732],"tags":[303,736],"class_list":["post-8024","post","type-post","status-publish","format-standard","has-post-thumbnail","hentry","category-originales-de-netflix","category-series","tag-drama","tag-lgbt-dramas"],"jetpack_publicize_connections":[],"jetpack_featured_media_url":"https:\/\/www.macquero.com\/wp-content\/uploads\/2019\/08\/www.macquero.com-captura-de-pantalla-2019-08-01-a-las-6.56.28-a.-m..png","jetpack_sharing_enabled":true,"_links":{"self":[{"href":"https:\/\/www.macquero.com\/en\/wp-json\/wp\/v2\/posts\/8024","targetHints":{"allow":["GET"]}}],"collection":[{"href":"https:\/\/www.macquero.com\/en\/wp-json\/wp\/v2\/posts"}],"about":[{"href":"https:\/\/www.macquero.com\/en\/wp-json\/wp\/v2\/types\/post"}],"author":[{"embeddable":true,"href":"https:\/\/www.macquero.com\/en\/wp-json\/wp\/v2\/users\/2"}],"replies":[{"embeddable":true,"href":"https:\/\/www.macquero.com\/en\/wp-json\/wp\/v2\/comments?post=8024"}],"version-history":[{"count":7,"href":"https:\/\/www.macquero.com\/en\/wp-json\/wp\/v2\/posts\/8024\/revisions"}],"predecessor-version":[{"id":15988,"href":"https:\/\/www.macquero.com\/en\/wp-json\/wp\/v2\/posts\/8024\/revisions\/15988"}],"wp:featuredmedia":[{"embeddable":true,"href":"https:\/\/www.macquero.com\/en\/wp-json\/wp\/v2\/media\/8028"}],"wp:attachment":[{"href":"https:\/\/www.macquero.com\/en\/wp-json\/wp\/v2\/media?parent=8024"}],"wp:term":[{"taxonomy":"category","embeddable":true,"href":"https:\/\/www.macquero.com\/en\/wp-json\/wp\/v2\/categories?post=8024"},{"taxonomy":"post_tag","embeddable":true,"href":"https:\/\/www.macquero.com\/en\/wp-json\/wp\/v2\/tags?post=8024"}],"curies":[{"name":"wp","href":"https:\/\/api.w.org\/{rel}","templated":true}]}}