{"id":8008,"date":"2019-07-28T13:24:32","date_gmt":"2019-07-28T18:24:32","guid":{"rendered":"http:\/\/www.macquero.com\/?p=8008"},"modified":"2021-12-03T05:34:50","modified_gmt":"2021-12-03T11:34:50","slug":"opinion-anne-with-an-e","status":"publish","type":"post","link":"https:\/\/www.macquero.com\/en\/2019\/07\/opinion-anne-with-an-e\/","title":{"rendered":"Anne with an E."},"content":{"rendered":"<p>Puntuaci\u00f3n: &#x2b50;&#x2b50;&#x2b50;&#x2b50;&#x2b50;<\/p>\n\n\n\n<p>Finales del siglo XIX. Matthew y Marilla Cuthbert son dos hermanos de cierta edad que conviven juntos. Viven en una pac\u00edfica granja en Avonlea, en la isla Pr\u00edncipe Eduardo. <\/p>\n\n\n\n<p>Ante la necesidad de que alguien les ayude en la granja deciden adoptar a un hu\u00e9rfano de Nueva Escocia. Pero qui\u00e9n llega a Green Gables es una inquieta e imaginativa ni\u00f1a de once a\u00f1os llamada Anne Shirley. <\/p>\n\n\n\n<blockquote class=\"wp-block-quote is-layout-flow wp-block-quote-is-layout-flow\"><p>La serie cuenta una serie de historias entrelazadas unas con otras, permiti\u00e9ndonos conocer toda la personalidad del personaje principal. Seremos testigos de su ingenio, car\u00e1cter apasionado pero tambi\u00e9n la veremos enfrentar los azares y adversidades de la vida con sus locuras.<\/p><\/blockquote>\n\n\n\n<h3 class=\"wp-block-heading\">Adaptaci\u00f3n<\/h3>\n\n\n\n<p>Anne con E cuenta con varias adaptaciones. Fundamentalmente<strong>&nbsp;la historia se basa en la novela de la escritora canadiense Lucy Maud Montgomery<\/strong>&nbsp;(1874-1942). En este primer libro (tiene varias secuelas) se narra la vida de Anne desde los 11 a los 16 a\u00f1os y su transformaci\u00f3n de una ni\u00f1a alocada, impulsiva e indomable, con exceso de imaginaci\u00f3n a una adolescente inteligente, independiente y que utiliza su imaginaci\u00f3n de forma constructiva.&nbsp;<\/p>\n\n\n\n<p>Los cambios en esta nueva adaptaci\u00f3n aportan nuevas visiones con diferentes matices que la hacen m\u00e1s profunda y rica pero tambi\u00e9n bastante dram\u00e1tica. Aunque no es una serie destinada para todas las audiencias, te resultar\u00e1 dif\u00edcil no amar a cada uno de sus personajes.<\/p>\n\n\n\n<p>La serie ofrecer\u00e1 de manera oficial una tercera temporada, con lo cu\u00e1l tocar\u00e1 esperar cu\u00e1ndo llegar\u00e1 a la plataforma de NETFLIX.<\/p>","protected":false},"excerpt":{"rendered":"<p>Puntuaci\u00f3n: &#x2b50;&#x2b50;&#x2b50;&#x2b50;&#x2b50; Finales del siglo XIX. Matthew y Marilla Cuthbert son dos hermanos de cierta edad que conviven juntos. Viven en una pac\u00edfica granja en Avonlea, en la isla Pr\u00edncipe Eduardo. Ante la necesidad de que alguien les ayude en la granja deciden adoptar a un hu\u00e9rfano de Nueva Escocia. Pero qui\u00e9n llega a Green &hellip;<\/p>","protected":false},"author":2,"featured_media":8010,"comment_status":"closed","ping_status":"closed","sticky":false,"template":"","format":"standard","meta":{"jetpack_post_was_ever_published":false,"_jetpack_newsletter_access":"","_jetpack_dont_email_post_to_subs":false,"_jetpack_newsletter_tier_id":0,"_jetpack_memberships_contains_paywalled_content":false,"_jetpack_memberships_contains_paid_content":false,"footnotes":"","jetpack_publicize_message":"","jetpack_publicize_feature_enabled":true,"jetpack_social_post_already_shared":true,"jetpack_social_options":{"image_generator_settings":{"template":"highway","default_image_id":0,"font":"","enabled":false},"version":2}},"categories":[732],"tags":[303,786],"class_list":["post-8008","post","type-post","status-publish","format-standard","has-post-thumbnail","hentry","category-series","tag-drama","tag-emotiva"],"jetpack_publicize_connections":[],"jetpack_featured_media_url":"https:\/\/www.macquero.com\/wp-content\/uploads\/2019\/07\/www.macquero.com-opinion-anne-con-e-13.png","jetpack_sharing_enabled":true,"_links":{"self":[{"href":"https:\/\/www.macquero.com\/en\/wp-json\/wp\/v2\/posts\/8008","targetHints":{"allow":["GET"]}}],"collection":[{"href":"https:\/\/www.macquero.com\/en\/wp-json\/wp\/v2\/posts"}],"about":[{"href":"https:\/\/www.macquero.com\/en\/wp-json\/wp\/v2\/types\/post"}],"author":[{"embeddable":true,"href":"https:\/\/www.macquero.com\/en\/wp-json\/wp\/v2\/users\/2"}],"replies":[{"embeddable":true,"href":"https:\/\/www.macquero.com\/en\/wp-json\/wp\/v2\/comments?post=8008"}],"version-history":[{"count":5,"href":"https:\/\/www.macquero.com\/en\/wp-json\/wp\/v2\/posts\/8008\/revisions"}],"predecessor-version":[{"id":16207,"href":"https:\/\/www.macquero.com\/en\/wp-json\/wp\/v2\/posts\/8008\/revisions\/16207"}],"wp:featuredmedia":[{"embeddable":true,"href":"https:\/\/www.macquero.com\/en\/wp-json\/wp\/v2\/media\/8010"}],"wp:attachment":[{"href":"https:\/\/www.macquero.com\/en\/wp-json\/wp\/v2\/media?parent=8008"}],"wp:term":[{"taxonomy":"category","embeddable":true,"href":"https:\/\/www.macquero.com\/en\/wp-json\/wp\/v2\/categories?post=8008"},{"taxonomy":"post_tag","embeddable":true,"href":"https:\/\/www.macquero.com\/en\/wp-json\/wp\/v2\/tags?post=8008"}],"curies":[{"name":"wp","href":"https:\/\/api.w.org\/{rel}","templated":true}]}}