{"id":7935,"date":"2019-07-16T01:36:07","date_gmt":"2019-07-16T06:36:07","guid":{"rendered":"http:\/\/www.macquero.com\/?p=7935"},"modified":"2021-10-30T03:26:01","modified_gmt":"2021-10-30T08:26:01","slug":"opinion-elisa-marcela","status":"publish","type":"post","link":"https:\/\/www.macquero.com\/en\/2019\/07\/opinion-elisa-marcela\/","title":{"rendered":"Opini\u00f3n: Elisa &#038; Marcela"},"content":{"rendered":"<p>Puntuaci\u00f3n: &#x2b50;&#x2b50;&#x2b50;&#x2b50;<\/p>\n\n\n\n<p>Basada en una historia real. &#8216;Elisa y Marcela&#8217; llega a la plataforma de NETFLIX, en un momento en el que necesitamos m\u00e1s historias de mujeres valientes, mujeres que lucharon por su derecho a amar de forma libre. Un film delicado, desarrollado en blanco y negro. <\/p>\n\n\n\n<h4 class=\"wp-block-heading\">El film evoca un canto a la consideraci\u00f3n, el respeto, la empat\u00eda&nbsp;y la libertad de g\u00e9neros.<\/h4>\n\n\n\n<p>Con unos blancos a veces demasiado opacos, la falta de color de &#8216;Elisa y Marcela&#8217; otorga a la pel\u00edcula ese toque de melancol\u00eda y crudeza necesario para plasmar las dificultades que tienen que afrontar las protagonistas para vivir su historia de amor.<\/p>\n\n\n\n<p>El film encarna y desarrolla la esencia y modelo de vida de la mujer a principios del siglo XX, en una narrativa sexista e intolerante dentro de una  sociedad en la que: -a las mujeres se les permit\u00eda formarse para determinados puestos de trabajo, pero sin esforzarse demasiado, ya que&nbsp;el objetivo principal: segu\u00eda siendo casarse, tener hijos y cuidar de ellos y del marido.<\/p>\n\n\n\n<p>El film tambi\u00e9n relata con total naturalidad el descubrimiento sexual de estas dos mujeres, que se lanzan sin pudor y sin dudas, a su sexualidad.<\/p>","protected":false},"excerpt":{"rendered":"<p>Puntuaci\u00f3n: &#x2b50;&#x2b50;&#x2b50;&#x2b50; Basada en una historia real. &#8216;Elisa y Marcela&#8217; llega a la plataforma de NETFLIX, en un momento en el que necesitamos m\u00e1s historias de mujeres valientes, mujeres que lucharon por su derecho a amar de forma libre. Un film delicado, desarrollado en blanco y negro. El film evoca un canto a la consideraci\u00f3n, &hellip;<\/p>","protected":false},"author":2,"featured_media":7937,"comment_status":"closed","ping_status":"closed","sticky":false,"template":"","format":"standard","meta":{"jetpack_post_was_ever_published":false,"_jetpack_newsletter_access":"","_jetpack_dont_email_post_to_subs":false,"_jetpack_newsletter_tier_id":0,"_jetpack_memberships_contains_paywalled_content":false,"_jetpack_memberships_contains_paid_content":false,"footnotes":"","jetpack_publicize_message":"","jetpack_publicize_feature_enabled":true,"jetpack_social_post_already_shared":true,"jetpack_social_options":{"image_generator_settings":{"template":"highway","default_image_id":0,"font":"","enabled":false},"version":2}},"categories":[766],"tags":[736],"class_list":["post-7935","post","type-post","status-publish","format-standard","has-post-thumbnail","hentry","category-cine-netflix","tag-lgbt-dramas"],"jetpack_publicize_connections":[],"jetpack_featured_media_url":"https:\/\/www.macquero.com\/wp-content\/uploads\/2019\/07\/www.macquero.com-opinion-elisa-marcela-1.png","jetpack_sharing_enabled":true,"_links":{"self":[{"href":"https:\/\/www.macquero.com\/en\/wp-json\/wp\/v2\/posts\/7935","targetHints":{"allow":["GET"]}}],"collection":[{"href":"https:\/\/www.macquero.com\/en\/wp-json\/wp\/v2\/posts"}],"about":[{"href":"https:\/\/www.macquero.com\/en\/wp-json\/wp\/v2\/types\/post"}],"author":[{"embeddable":true,"href":"https:\/\/www.macquero.com\/en\/wp-json\/wp\/v2\/users\/2"}],"replies":[{"embeddable":true,"href":"https:\/\/www.macquero.com\/en\/wp-json\/wp\/v2\/comments?post=7935"}],"version-history":[{"count":5,"href":"https:\/\/www.macquero.com\/en\/wp-json\/wp\/v2\/posts\/7935\/revisions"}],"predecessor-version":[{"id":15581,"href":"https:\/\/www.macquero.com\/en\/wp-json\/wp\/v2\/posts\/7935\/revisions\/15581"}],"wp:featuredmedia":[{"embeddable":true,"href":"https:\/\/www.macquero.com\/en\/wp-json\/wp\/v2\/media\/7937"}],"wp:attachment":[{"href":"https:\/\/www.macquero.com\/en\/wp-json\/wp\/v2\/media?parent=7935"}],"wp:term":[{"taxonomy":"category","embeddable":true,"href":"https:\/\/www.macquero.com\/en\/wp-json\/wp\/v2\/categories?post=7935"},{"taxonomy":"post_tag","embeddable":true,"href":"https:\/\/www.macquero.com\/en\/wp-json\/wp\/v2\/tags?post=7935"}],"curies":[{"name":"wp","href":"https:\/\/api.w.org\/{rel}","templated":true}]}}