{"id":7919,"date":"2019-07-11T03:21:29","date_gmt":"2019-07-11T08:21:29","guid":{"rendered":"http:\/\/www.macquero.com\/?p=7919"},"modified":"2019-08-19T15:03:52","modified_gmt":"2019-08-19T20:03:52","slug":"el-nuevo-bear","status":"publish","type":"post","link":"https:\/\/www.macquero.com\/en\/2019\/07\/el-nuevo-bear\/","title":{"rendered":"El nuevo Bear"},"content":{"rendered":"<p>Esta app para macOS usa un dise\u00f1o simple de tres paneles.\u00a0<\/p>\n\n\n\n<p>Pon atenci\u00f3n a la imagen: La columna m\u00e1s grande est\u00e1 dedicada a tu nota actual.\u00a0Una columna m\u00e1s peque\u00f1a a la izquierda contiene tus notas en orden cronol\u00f3gico inverso, coronada por una barra de b\u00fasqueda.\u00a0<\/p>\n\n\n\n<p>La columna situada m\u00e1s a la izquierda contiene notas que he fijado, as\u00ed como cualquier etiqueta que hayas creado para organizar tus notas, cuenta con una gu\u00eda de base apara qu\u00e9 puedas organizarte mejor y para esta nueva versi\u00f3n incluye un nuevo tema obscuro gratuito. Ideal sino cuentas con Mojave.<\/p>\n\n\n\n<p><a href=\"https:\/\/bear.app\/\" target=\"_blank\" rel=\"noreferrer noopener\" aria-label=\"P\u00e1gina oficia (opens in a new tab)\">P\u00e1gina oficia<\/a>l.<\/p>","protected":false},"excerpt":{"rendered":"<p>Esta app para macOS usa un dise\u00f1o simple de tres paneles.\u00a0 Pon atenci\u00f3n a la imagen: La columna m\u00e1s grande est\u00e1 dedicada a tu nota actual.\u00a0Una columna m\u00e1s peque\u00f1a a la izquierda contiene tus notas en orden cronol\u00f3gico inverso, coronada por una barra de b\u00fasqueda.\u00a0 La columna situada m\u00e1s a la izquierda contiene notas que &hellip;<\/p>","protected":false},"author":2,"featured_media":7921,"comment_status":"closed","ping_status":"closed","sticky":false,"template":"","format":"standard","meta":{"jetpack_post_was_ever_published":false,"_jetpack_newsletter_access":"","_jetpack_dont_email_post_to_subs":false,"_jetpack_newsletter_tier_id":0,"_jetpack_memberships_contains_paywalled_content":false,"_jetpack_memberships_contains_paid_content":false,"footnotes":"","jetpack_publicize_message":"","jetpack_publicize_feature_enabled":true,"jetpack_social_post_already_shared":true,"jetpack_social_options":{"image_generator_settings":{"template":"highway","default_image_id":0,"font":"","enabled":false},"version":2}},"categories":[371],"tags":[286],"class_list":["post-7919","post","type-post","status-publish","format-standard","has-post-thumbnail","hentry","category-mac","tag-novedades"],"jetpack_publicize_connections":[],"jetpack_featured_media_url":"https:\/\/www.macquero.com\/wp-content\/uploads\/2019\/07\/www.macquero.com-el-nuevo-bear-captura-de-pantalla-2019-07-11-a-las-4.11.30-a.-m..png","jetpack_sharing_enabled":true,"_links":{"self":[{"href":"https:\/\/www.macquero.com\/en\/wp-json\/wp\/v2\/posts\/7919","targetHints":{"allow":["GET"]}}],"collection":[{"href":"https:\/\/www.macquero.com\/en\/wp-json\/wp\/v2\/posts"}],"about":[{"href":"https:\/\/www.macquero.com\/en\/wp-json\/wp\/v2\/types\/post"}],"author":[{"embeddable":true,"href":"https:\/\/www.macquero.com\/en\/wp-json\/wp\/v2\/users\/2"}],"replies":[{"embeddable":true,"href":"https:\/\/www.macquero.com\/en\/wp-json\/wp\/v2\/comments?post=7919"}],"version-history":[{"count":1,"href":"https:\/\/www.macquero.com\/en\/wp-json\/wp\/v2\/posts\/7919\/revisions"}],"predecessor-version":[{"id":7922,"href":"https:\/\/www.macquero.com\/en\/wp-json\/wp\/v2\/posts\/7919\/revisions\/7922"}],"wp:featuredmedia":[{"embeddable":true,"href":"https:\/\/www.macquero.com\/en\/wp-json\/wp\/v2\/media\/7921"}],"wp:attachment":[{"href":"https:\/\/www.macquero.com\/en\/wp-json\/wp\/v2\/media?parent=7919"}],"wp:term":[{"taxonomy":"category","embeddable":true,"href":"https:\/\/www.macquero.com\/en\/wp-json\/wp\/v2\/categories?post=7919"},{"taxonomy":"post_tag","embeddable":true,"href":"https:\/\/www.macquero.com\/en\/wp-json\/wp\/v2\/tags?post=7919"}],"curies":[{"name":"wp","href":"https:\/\/api.w.org\/{rel}","templated":true}]}}