{"id":7726,"date":"2019-06-12T14:28:29","date_gmt":"2019-06-12T19:28:29","guid":{"rendered":"http:\/\/www.macquero.com\/?p=7726"},"modified":"2019-08-19T15:06:15","modified_gmt":"2019-08-19T20:06:15","slug":"anatomia-de-otra-gran-serie-designated-survivor","status":"publish","type":"post","link":"https:\/\/www.macquero.com\/en\/2019\/06\/anatomia-de-otra-gran-serie-designated-survivor\/","title":{"rendered":"Anatom\u00eda de otra gran serie: Designated Survivor."},"content":{"rendered":"<h3 class=\"wp-block-heading\">Ya finalic\u00e9 la 3era temporada. <\/h3>\n\n\n\n<p>Me hubiera gustado, que no terminar\u00e1 tal cu\u00e1l como quedo. Sin embargo, sin ser reiterativo me hubiera gustado que NETFLIX; le hubiera dado continuidad dentro de esta temporada, para lo que ser\u00eda el desenlace final en el episodio n\u00famero 10.<\/p>\n\n\n\n<h3 class=\"wp-block-heading\">Cr\u00edtica especializada<\/h3>\n\n\n\n<p>La cr\u00edtica la ha vilipendiado por todas partes, argumentando que es una serie vac\u00eda y aburrida. <strong>No estoy de acuerdo.<\/strong><\/p>\n\n\n\n<p>La sinopsis oficial de Netflix para la tercera temporada expone: &#8220;El presidente Kirkman se enfrentar\u00e1 a una nueva realidad pol\u00edtica&#8230; haciendo campa\u00f1a.&nbsp;Lo que veremos ser\u00e1n 10 episodios cargados de inmensa adrenalina.<\/p>\n\n\n\n<h3 class=\"wp-block-heading\">Alerta de Spoiler<\/h3>\n\n\n\n<p>Pregunto: \u00bfQu\u00e9 se necesita para ver nacer un l\u00edder?&nbsp;\u00bfQu\u00e9 precio estar\u00e1 dispuesto a pagar?&nbsp;Esta temporada explorar\u00e1 el mundo actual de campa\u00f1as, t\u00e1cticas de difamaci\u00f3n, debates, financiaci\u00f3n de campa\u00f1as y &#8220;noticias falsas&#8221;.<\/p>\n\n\n\n<figure class=\"wp-block-embed-youtube wp-block-embed is-type-video is-provider-youtube wp-embed-aspect-16-9 wp-has-aspect-ratio\"><div class=\"wp-block-embed__wrapper\">\n<span class=\"embed-youtube\" style=\"text-align:center; display: block;\"><iframe loading=\"lazy\" class=\"youtube-player\" width=\"640\" height=\"360\" src=\"https:\/\/www.youtube.com\/embed\/zTJbUVjS--M?version=3&#038;rel=1&#038;showsearch=0&#038;showinfo=1&#038;iv_load_policy=1&#038;fs=1&#038;hl=en-US&#038;autohide=2&#038;wmode=transparent\" allowfullscreen=\"true\" style=\"border:0;\" sandbox=\"allow-scripts allow-same-origin allow-popups allow-presentation allow-popups-to-escape-sandbox\"><\/iframe><\/span>\n<\/div><figcaption><strong>Trailer<\/strong><\/figcaption><\/figure>\n\n\n\n<p>La democracia, tal como la conocemos, se mantendr\u00e1 en la balanza. <\/p>\n\n\n\n<blockquote class=\"wp-block-quote is-layout-flow wp-block-quote-is-layout-flow\"><p>Tengo que decir que disfrut\u00e9 <strong>much\u00edsimo m\u00e1s su tercera temporada<\/strong>, que la 1era y 2da, (no por qu\u00e9 las haya encontrado deficientes) en absoluto. <\/p><\/blockquote>\n\n\n\n<h3 class=\"wp-block-heading\">Temporadas 1 y 2<\/h3>\n\n\n\n<p>Si, nunca la has visto, debes verla desde la primera temporada, para entender de cerca la madurez de sus personajes en la 3era entrega.<\/p>\n\n\n\n<p>Cada cap\u00edtulo contiene escenas incre\u00edbles de acci\u00f3n, enmarcados en un drama incesante de ideas de alto contraste, basado en un gui\u00f3n que se conecta entre episodios de forma brillante.<\/p>\n\n\n\n<p>El cap\u00edtulo final nos lleva a la reflexi\u00f3n de todo el recorrido. En mi opini\u00f3n se necesita una continuaci\u00f3n dentro de esta temporada, pero en su defecto me gustar\u00eda pensar que una 4ta entrega deber\u00eda llegar para poder cerrar ciclos.<\/p>\n\n\n\n<p>\u00bfY t\u00fa qu\u00e9 piensas?, yo qued\u00e9 impactado en la forma que termin\u00f3. <\/p>","protected":false},"excerpt":{"rendered":"<p>Ya finalic\u00e9 la 3era temporada. Me hubiera gustado, que no terminar\u00e1 tal cu\u00e1l como quedo. Sin embargo, sin ser reiterativo me hubiera gustado que NETFLIX; le hubiera dado continuidad dentro de esta temporada, para lo que ser\u00eda el desenlace final en el episodio n\u00famero 10. Cr\u00edtica especializada La cr\u00edtica la ha vilipendiado por todas partes, &hellip;<\/p>","protected":false},"author":2,"featured_media":7731,"comment_status":"closed","ping_status":"closed","sticky":false,"template":"","format":"standard","meta":{"jetpack_post_was_ever_published":false,"_jetpack_newsletter_access":"","_jetpack_dont_email_post_to_subs":false,"_jetpack_newsletter_tier_id":0,"_jetpack_memberships_contains_paywalled_content":false,"_jetpack_memberships_contains_paid_content":false,"footnotes":"","jetpack_publicize_message":"","jetpack_publicize_feature_enabled":true,"jetpack_social_post_already_shared":true,"jetpack_social_options":{"image_generator_settings":{"template":"highway","default_image_id":0,"font":"","enabled":false},"version":2}},"categories":[770,696,733,732],"tags":[744],"class_list":["post-7726","post","type-post","status-publish","format-standard","has-post-thumbnail","hentry","category-analisis-netflix","category-netflix","category-originales-de-netflix","category-series","tag-drama-politico"],"jetpack_publicize_connections":[],"jetpack_featured_media_url":"https:\/\/www.macquero.com\/wp-content\/uploads\/2019\/06\/www.macquero.com-anatomia-de-otra-gran-serie-designate-survivor-captura-de-pantalla-2019-06-12-a-las-3.25.01-p.-m..png","jetpack_sharing_enabled":true,"_links":{"self":[{"href":"https:\/\/www.macquero.com\/en\/wp-json\/wp\/v2\/posts\/7726","targetHints":{"allow":["GET"]}}],"collection":[{"href":"https:\/\/www.macquero.com\/en\/wp-json\/wp\/v2\/posts"}],"about":[{"href":"https:\/\/www.macquero.com\/en\/wp-json\/wp\/v2\/types\/post"}],"author":[{"embeddable":true,"href":"https:\/\/www.macquero.com\/en\/wp-json\/wp\/v2\/users\/2"}],"replies":[{"embeddable":true,"href":"https:\/\/www.macquero.com\/en\/wp-json\/wp\/v2\/comments?post=7726"}],"version-history":[{"count":6,"href":"https:\/\/www.macquero.com\/en\/wp-json\/wp\/v2\/posts\/7726\/revisions"}],"predecessor-version":[{"id":7762,"href":"https:\/\/www.macquero.com\/en\/wp-json\/wp\/v2\/posts\/7726\/revisions\/7762"}],"wp:featuredmedia":[{"embeddable":true,"href":"https:\/\/www.macquero.com\/en\/wp-json\/wp\/v2\/media\/7731"}],"wp:attachment":[{"href":"https:\/\/www.macquero.com\/en\/wp-json\/wp\/v2\/media?parent=7726"}],"wp:term":[{"taxonomy":"category","embeddable":true,"href":"https:\/\/www.macquero.com\/en\/wp-json\/wp\/v2\/categories?post=7726"},{"taxonomy":"post_tag","embeddable":true,"href":"https:\/\/www.macquero.com\/en\/wp-json\/wp\/v2\/tags?post=7726"}],"curies":[{"name":"wp","href":"https:\/\/api.w.org\/{rel}","templated":true}]}}