{"id":7668,"date":"2019-06-04T05:18:13","date_gmt":"2019-06-04T10:18:13","guid":{"rendered":"http:\/\/www.macquero.com\/?p=7668"},"modified":"2019-08-19T15:07:16","modified_gmt":"2019-08-19T20:07:16","slug":"mac-pro-ios-13-ipados-todo-lo-que-apple-presento-en-wwdc-2019","status":"publish","type":"post","link":"https:\/\/www.macquero.com\/en\/2019\/06\/mac-pro-ios-13-ipados-todo-lo-que-apple-presento-en-wwdc-2019\/","title":{"rendered":"Mac Pro, iOS 13, iPadOS: Todo lo que Apple present\u00f3 en WWDC 2019"},"content":{"rendered":"<p>Apple realiz\u00f3 su presentaci\u00f3n inaugural de la conferencia para desarrolladores WWDC 2019 el 3 de junio en San Jos\u00e9, California. <\/p>\n\n\n\n<p>Present\u00f3 muchas cosas, incluyendo la nueva computadora Mac Pro y el nuevo monitor Pro Display XDR, junto a iOS 13 y su modo oscuro, macOS Catalina y un sistema operativo para las tabletas iPad, llamado iPadOS.<\/p>\n\n\n\n<p>A medida que arrancaba la conferencia, Tim Cook, presidente ejecutivo de Apple, nos present\u00f3:<\/p>\n\n\n\n<ul class=\"wp-block-list\"><li>Una previa de la\u00a0nueva serie de Apple TV Plus, For All Mankind.<\/li><li>Noticias de que tvOS de Apple TV tendr\u00e1 compatibilidad para varios usuarios<\/li><li>Compatibilidad nativa para\u00a0los controles Xbox One S y DualShock de PlayStation.<\/li><\/ul>\n\n\n\n<h2 class=\"wp-block-heading\">Mac Pro y Apple Pro Display XDR<br><\/h2>\n\n\n\n<p>La\u00a0Mac Pro, que se parece a un\u00a0utensilio para rallar queso, est\u00e1 de vuelta en 2019 y ha sido modernizada. Est\u00e1 basada en un procesador Intel Xeon de 28 n\u00facleos, seis canales de ECC para hasta 1TB de memoria de sistema, ocho ranuras PCIe, dos puertos Ethernet 10GB, compatibilidad para doble GPU y m\u00e1s. <\/p>\n\n\n\n<blockquote class=\"wp-block-quote is-layout-flow wp-block-quote-is-layout-flow\"><p>Apple tambi\u00e9n present\u00f3 una tarjeta de acelerador de video llamado Afterburner.\u00a0<\/p><\/blockquote>\n\n\n\n<p>La pantalla HDR de 32 pulgadas que tanto se rumor\u00f3 es una realidad, y Apple intenta reemplazar a los monitores de referencia con este modelo. El\u00a0monitor Pro Display XDR\u00a0tiene una resoluci\u00f3n de 6,016&#215;3,384, un panel de 10 bits, mejores \u00e1ngulos de visi\u00f3n y una gran gama de LED azules con lentes y atenuaci\u00f3n local.\u00a0<\/p>\n\n\n\n<h2 class=\"wp-block-heading\">MacOS Catalina<\/h2>\n\n\n\n<ul class=\"wp-block-list\"><li>La nueva versi\u00f3n de MacOS tiene un reemplazo de iTunes llamado Music, una integraci\u00f3n con iPhone menos invasiva, un app de Podcast con indexaci\u00f3n y Apple TV con compatibilidad con Dolby Atmos y Dolby Vision.\u00a0<\/li><li>Hay una nueva app llamada Sidecar que te permite\u00a0usar tu iPad como una pantalla secundaria.<\/li><li>A\u00f1ade\u00a0comandos de voz que aumentan la accesibilidad.\u00a0<\/li><li>Activation Lock y Find My llegan a macOS.<\/li><li>Project Catalyst\u00a0(conocido anteriormente como Marzipan) es s\u00f3lo para apps de iPad y permite a los desarrolladores trasladar sus apps de iPad a macOS m\u00e1s f\u00e1cilmente.<\/li><li>Para los desarrolladores, las\u00a0actualizaciones RealityKit y Reality Composer de ARKithicieron que Minecraft en el mundo real fuera posible.<\/li><li>El lenguaje de programaci\u00f3n Swift tiene una nueva interfase llamada SwiftUI para facilitar la programaci\u00f3n.<\/li><\/ul>\n\n\n\n<h2 class=\"wp-block-heading\">iPad funciona ahora con\u00a0iPadOS<br><\/h2>\n\n\n\n<ul class=\"wp-block-list\"><li>Dividir el sistema operativo le permite a Apple aprovechar m\u00e1s la pantalla grande. Permite una mejor interfaz para la multitarea y permite m\u00faltiples ventanas en apps con pantalla dividida.<\/li><li>Ahora hay una columna de vista previa en Files o Archivos, con m\u00e1s metadata y acciones r\u00e1pidas. Por fin se pueden compartir carpetas en iCloud Drive.<\/li><li>Es compatible con memorias USB y se pueden importar fotos directamente desde una c\u00e1mara.<\/li><li>Safari en iPad cargar\u00e1 la vista de la p\u00e1gina para la versi\u00f3n de escritorio, pero optimizada para pantalla t\u00e1ctil.<\/li><li>Hay compatibilidad para fuentes personalizadas, adem\u00e1s de mejor selecci\u00f3n de texto.<\/li><li>Apple Pencil tiene un menor rezago y es m\u00e1s \u00fatil para subrayar.<\/li><\/ul>\n\n\n\n<ul class=\"wp-block-list\"><li>Llega\u00a0Dark Mode\u00a0o el modo oscuro.<\/li><li>Safari, Mail y Notas se han actualizado pero los grandes cambios vienen en Reminders o Recordatorios. Y habr\u00e1 mapas m\u00e1s detallados para finales de 2019.<\/li><li>Podr\u00e1s\u00a0iniciar sesi\u00f3n\u00a0con tu cuenta de Apple para evitar la monitorizaci\u00f3n de tus datos. Tambi\u00e9n podr\u00e1s registrarte a servicios con direcciones de correo al azar.<\/li><li>Se ha mejorado la seguridad de HomeKit.<\/li><li>Los\u00a0Memoji ahora se pueden personalizar mucho m\u00e1s.\u00a0<\/li><li>Mejoras en la interfaz de Fotos, adem\u00e1s de los efectos de iluminaci\u00f3n en el modo retrato. Adem\u00e1s ahora los videos pueden rotarse y filtrarse. Adem\u00e1s de una nueva organizaci\u00f3n autom\u00e1tica para el carrete de tu C\u00e1mara.<\/li><li>Siri puede leer y responder a mensajes mediante tus iPhone. HandOff para tu iPhone tambi\u00e9n estar\u00e1 disponible en la HomePod.<\/li><li>CarPlay tiene un nuevo tablero y m\u00e1s aplicaciones con las que es compatible.<\/li><li>La voz de Siri suena mucho m\u00e1s natural.<\/li><\/ul>\n\n\n\n<h2 class=\"wp-block-heading\">Apple Watch y watchOS 6<\/h2>\n\n\n\n<ul class=\"wp-block-list\"><li>Las apps de calculadora y notas de voz est\u00e1n disponibles en tu mu\u00f1eca.<br><\/li><li>Hay nuevas caras para tu Apple Watch.<\/li><li>El\u00a0App Store estar\u00e1 disponible directamente en el Apple Watch\u00a0para que puedas instalar aplicaciones desde el dispositivo.<\/li><li>El\u00a0app de Health\u00a0se ha redise\u00f1ado con un app de monitorizaci\u00f3n de tu sentido de la escucha llamado Noise. Tambi\u00e9n habr\u00e1 novedades en la monitorizaci\u00f3n de tu forma f\u00edsica. Y tu ciclo menstrual podr\u00e1 monitorizarse con el Watch y el app de Health en el iPhone.<\/li><\/ul>","protected":false},"excerpt":{"rendered":"<p>Apple realiz\u00f3 su presentaci\u00f3n inaugural de la conferencia para desarrolladores WWDC 2019 el 3 de junio en San Jos\u00e9, California. Present\u00f3 muchas cosas, incluyendo la nueva computadora Mac Pro y el nuevo monitor Pro Display XDR, junto a iOS 13 y su modo oscuro, macOS Catalina y un sistema operativo para las tabletas iPad, llamado &hellip;<\/p>","protected":false},"author":2,"featured_media":7670,"comment_status":"closed","ping_status":"closed","sticky":false,"template":"","format":"standard","meta":{"jetpack_post_was_ever_published":false,"_jetpack_newsletter_access":"","_jetpack_dont_email_post_to_subs":false,"_jetpack_newsletter_tier_id":0,"_jetpack_memberships_contains_paywalled_content":false,"_jetpack_memberships_contains_paid_content":false,"footnotes":"","jetpack_publicize_message":"","jetpack_publicize_feature_enabled":true,"jetpack_social_post_already_shared":true,"jetpack_social_options":{"image_generator_settings":{"template":"highway","default_image_id":0,"font":"","enabled":false},"version":2}},"categories":[5],"tags":[],"class_list":["post-7668","post","type-post","status-publish","format-standard","has-post-thumbnail","hentry","category-apple"],"jetpack_publicize_connections":[],"jetpack_featured_media_url":"https:\/\/www.macquero.com\/wp-content\/uploads\/2019\/06\/www.macquero.com-mac-pro-ios-13-ipados-todo-lo-que-apple-presento-en-wwdc-2019-captura-de-pantalla-2019-06-04-a-las-6.09.14-a.-m..png","jetpack_sharing_enabled":true,"_links":{"self":[{"href":"https:\/\/www.macquero.com\/en\/wp-json\/wp\/v2\/posts\/7668","targetHints":{"allow":["GET"]}}],"collection":[{"href":"https:\/\/www.macquero.com\/en\/wp-json\/wp\/v2\/posts"}],"about":[{"href":"https:\/\/www.macquero.com\/en\/wp-json\/wp\/v2\/types\/post"}],"author":[{"embeddable":true,"href":"https:\/\/www.macquero.com\/en\/wp-json\/wp\/v2\/users\/2"}],"replies":[{"embeddable":true,"href":"https:\/\/www.macquero.com\/en\/wp-json\/wp\/v2\/comments?post=7668"}],"version-history":[{"count":1,"href":"https:\/\/www.macquero.com\/en\/wp-json\/wp\/v2\/posts\/7668\/revisions"}],"predecessor-version":[{"id":7671,"href":"https:\/\/www.macquero.com\/en\/wp-json\/wp\/v2\/posts\/7668\/revisions\/7671"}],"wp:featuredmedia":[{"embeddable":true,"href":"https:\/\/www.macquero.com\/en\/wp-json\/wp\/v2\/media\/7670"}],"wp:attachment":[{"href":"https:\/\/www.macquero.com\/en\/wp-json\/wp\/v2\/media?parent=7668"}],"wp:term":[{"taxonomy":"category","embeddable":true,"href":"https:\/\/www.macquero.com\/en\/wp-json\/wp\/v2\/categories?post=7668"},{"taxonomy":"post_tag","embeddable":true,"href":"https:\/\/www.macquero.com\/en\/wp-json\/wp\/v2\/tags?post=7668"}],"curies":[{"name":"wp","href":"https:\/\/api.w.org\/{rel}","templated":true}]}}