{"id":7589,"date":"2019-05-26T11:28:48","date_gmt":"2019-05-26T16:28:48","guid":{"rendered":"http:\/\/www.macquero.com\/?p=7589"},"modified":"2021-10-26T01:04:05","modified_gmt":"2021-10-26T06:04:05","slug":"opinion-the-assasination-of-gianni-versace-american-crime-story-fria-e-impactante","status":"publish","type":"post","link":"https:\/\/www.macquero.com\/en\/2019\/05\/opinion-the-assasination-of-gianni-versace-american-crime-story-fria-e-impactante\/","title":{"rendered":"The Assasination of Gianni Versace: American Crime Story. Fr\u00eda e impactante."},"content":{"rendered":"<p>Puntuaci\u00f3n: &#x2b50;&#x2b50;&#x2b50;&#x2b50;<\/p>\n\n\n\n<p>Una serie a la que le he dado un mill\u00f3n de vueltas para disfrutar, m\u00e1s que nada por indecisi\u00f3n ha sido esta, por su hermetismo. <\/p>\n\n\n\n<p>Consecuentemente me gusta explorar el mundo oce\u00e1nico que ofrece la plataforma de Netflix. Y es por ello que vengo a ofrecerte un an\u00e1lisis de lo que encontr\u00e9 en ella.<\/p>\n\n\n\n<h2 class=\"wp-block-heading\">Sipnosis<\/h2>\n\n\n\n<p>A sangre fr\u00eda, fue asesinado con dos tiros en la cabeza el dise\u00f1ador italiano Gianni Versace. Era el verano de 1997, y regresaba a su mansi\u00f3n de Miami, Florida,&nbsp;despu\u00e9s de haber salido de correr un rato.<\/p>\n\n\n\n<p>La noticia conmocion\u00f3 al mundo entero y hoy en d\u00eda&nbsp;no hay explicaci\u00f3n sobre el crimen de horror perpetuado por Andrew Cunanan. El creador estadounidense Ryan Murphy recoge en \u201cThe Assasination of Gianni Versace: American Crime Story\u201d esta impactante historia que nos sumerge en la vida del dise\u00f1ador.<\/p>\n\n\n\n<h2 class=\"wp-block-heading\">Alerta de Spoiler<\/h2>\n\n\n\n<p>Cabe destacar que&nbsp;Versace no fue al \u00fanico que Cunanan asesin\u00f3, y la serie no cuenta en muchos episodios con la participaci\u00f3n de Edgar Ram\u00edrez.&nbsp;<\/p>\n\n\n\n<blockquote class=\"wp-block-quote is-layout-flow wp-block-quote-is-layout-flow\"><p>La personalidad del asesino parece ser el m\u00f3vil central de la serie. Aunque la raz\u00f3n por la cu\u00e1l decid\u00ed verla es por la participaci\u00f3n del conocido actor venezolano. <\/p><\/blockquote>\n\n\n\n<p>Debo decir: que la representaci\u00f3n de Ram\u00edrez no destaca a grandes rasgos la grandeza del personaje de qui\u00e9n se habla durante todo el rodaje, pero esto no es un defecto de caracterizaci\u00f3n, sino m\u00e1s bien del gui\u00f3n.<\/p>\n\n\n\n<p>Debes prepararte: porque m\u00e1s que nada veremos en contra parte otro personaje con caracter\u00edsticas perturbadoras, misteriosas y temidas en el rol de Darren Criss como Andrew Cunanan.<\/p>\n\n\n\n<p>Si tuviera que describir con dos palabras la actuaci\u00f3n de Criss. Ser\u00eda turbulenta y desgarradora. Incluso a\u00f1adir\u00eda impactante. Realmente te pone la piel de gallina. Sin embargo la interpretaci\u00f3n de Edgar Ram\u00edrez, tambi\u00e9n resulto impecable. Bastante corta, pero inmaculada en la representaci\u00f3n.<\/p>\n\n\n\n<h2 class=\"wp-block-heading\">En la historia<\/h2>\n\n\n\n<p>A Cunanan lo encontraron muerto,&nbsp;se quit\u00f3 la vida con la misma pistola con la que mat\u00f3 a Versace. En realidad&nbsp;a\u00fan se desconocen los motivos exactos por los que asesin\u00f3 al dise\u00f1ador.<\/p>\n\n\n\n<p>Seg\u00fan la cr\u00edtica especializada: \u201cla narraci\u00f3n de los eventos en la serie es sumamente interesante y atrevida, jam\u00e1s va de forma lineal y eso nos envuelve en un rompecabezas muy interesante a nivel narrativo\u201d. \u201cThe Assasination of Gianni Versace: American Crime Story\u201d ha sido merecedora de los Globos de Oro como Mejor Serie. Adem\u00e1s, obtuvo nueve premios Emmy.<\/p>\n\n\n\n<h2 class=\"wp-block-heading\">Valoraci\u00f3n<\/h2>\n\n\n\n<p>La serie \u201cno apta para todas las audiencias, se recomienda discreci\u00f3n.\u201d se destaca con nueve episodios, en los que se cuentan los d\u00edas previos y posteriores a la muerte de Versace.<\/p>\n\n\n\n<p>La trama ofrece durante todo el rodaje la disposici\u00f3n de mostrarnos la mente de como piensa un asesino en serie, veremos tambi\u00e9n un mundo completamente distinto al que muchos conocemos, ser\u00e1s testigo de secretos, traiciones, y personajes con doble vida, encarnando papeles secundarios que nutren esta impactante historia.<\/p>\n\n\n\n<p>Tambi\u00e9n vemos de manera subliminal, de forma muy delicada y subjetiva el tema del personaje de Ricky Mart\u00edn Antonio D&#8217; Amico&nbsp;(pareja sentimental del dise\u00f1ador), dejando en evidencia al sistema representado por las normas legales y autoridades de la iglesia cat\u00f3lica, tomando firme posici\u00f3n, muy &#8220;punto y aparte&#8221; a lo que dictamina el coraz\u00f3n. <\/p>\n\n\n\n<p>Otro punto destacable es la banda sonora. Simplemente incre\u00edble. Mueve cada fibra.<\/p>\n\n\n\n<h2 class=\"wp-block-heading\">Hay que poner especial cuidado en lo siguiente.<\/h2>\n\n\n\n<p>La serie narra todo lo referente a la homofobia.&nbsp;A pesar de ello, la familia Versace lo que le ha molestado es que se especule que Gianni Versace tuviera VIH en el momento de su muerte, informaci\u00f3n que ellos niegan. Y han catalogado la serie como \u201cmera ficci\u00f3n\u201d.<\/p>\n\n\n\n<p>En entrevistas para los medios internacionales,&nbsp;Cruz ha declarado que no quer\u00eda aceptar el papel de Donatella sin antes hablar con ella por el respeto que le tiene.&nbsp;La dise\u00f1adora, empresaria y hermana menor de Gianni Versace, dej\u00f3 tranquila a la actriz espa\u00f1ola y le dijo que qui\u00e9n mejor que ella para representarla en la pantalla chica. <\/p>\n\n\n\n<p>A pesar de esto,&nbsp;la familia Versace nunca estuvo de acuerdo con la serie.<\/p>","protected":false},"excerpt":{"rendered":"<p>Puntuaci\u00f3n: &#x2b50;&#x2b50;&#x2b50;&#x2b50; Una serie a la que le he dado un mill\u00f3n de vueltas para disfrutar, m\u00e1s que nada por indecisi\u00f3n ha sido esta, por su hermetismo. Consecuentemente me gusta explorar el mundo oce\u00e1nico que ofrece la plataforma de Netflix. Y es por ello que vengo a ofrecerte un an\u00e1lisis de lo que encontr\u00e9 en &hellip;<\/p>","protected":false},"author":2,"featured_media":7599,"comment_status":"closed","ping_status":"closed","sticky":false,"template":"","format":"standard","meta":{"jetpack_post_was_ever_published":false,"_jetpack_newsletter_access":"","_jetpack_dont_email_post_to_subs":false,"_jetpack_newsletter_tier_id":0,"_jetpack_memberships_contains_paywalled_content":false,"_jetpack_memberships_contains_paid_content":false,"footnotes":"","jetpack_publicize_message":"","jetpack_publicize_feature_enabled":true,"jetpack_social_post_already_shared":true,"jetpack_social_options":{"image_generator_settings":{"template":"highway","default_image_id":0,"font":"","enabled":false},"version":2}},"categories":[1019],"tags":[431,303,534,432],"class_list":["post-7589","post","type-post","status-publish","format-standard","has-post-thumbnail","hentry","category-analisis-y-opinion","tag-ciencia-ficcion","tag-drama","tag-horror","tag-suspenso"],"jetpack_publicize_connections":[],"jetpack_featured_media_url":"https:\/\/www.macquero.com\/wp-content\/uploads\/2019\/05\/www.macquero.com-opinion-the-assasination-of-gianni-versace-american-crime-story-fria-e-impactante-captura-de-pantalla-2019-05-26-a-las-12.35.36-p.-m..png","jetpack_sharing_enabled":true,"_links":{"self":[{"href":"https:\/\/www.macquero.com\/en\/wp-json\/wp\/v2\/posts\/7589","targetHints":{"allow":["GET"]}}],"collection":[{"href":"https:\/\/www.macquero.com\/en\/wp-json\/wp\/v2\/posts"}],"about":[{"href":"https:\/\/www.macquero.com\/en\/wp-json\/wp\/v2\/types\/post"}],"author":[{"embeddable":true,"href":"https:\/\/www.macquero.com\/en\/wp-json\/wp\/v2\/users\/2"}],"replies":[{"embeddable":true,"href":"https:\/\/www.macquero.com\/en\/wp-json\/wp\/v2\/comments?post=7589"}],"version-history":[{"count":10,"href":"https:\/\/www.macquero.com\/en\/wp-json\/wp\/v2\/posts\/7589\/revisions"}],"predecessor-version":[{"id":14909,"href":"https:\/\/www.macquero.com\/en\/wp-json\/wp\/v2\/posts\/7589\/revisions\/14909"}],"wp:featuredmedia":[{"embeddable":true,"href":"https:\/\/www.macquero.com\/en\/wp-json\/wp\/v2\/media\/7599"}],"wp:attachment":[{"href":"https:\/\/www.macquero.com\/en\/wp-json\/wp\/v2\/media?parent=7589"}],"wp:term":[{"taxonomy":"category","embeddable":true,"href":"https:\/\/www.macquero.com\/en\/wp-json\/wp\/v2\/categories?post=7589"},{"taxonomy":"post_tag","embeddable":true,"href":"https:\/\/www.macquero.com\/en\/wp-json\/wp\/v2\/tags?post=7589"}],"curies":[{"name":"wp","href":"https:\/\/api.w.org\/{rel}","templated":true}]}}