{"id":7477,"date":"2019-05-08T15:57:53","date_gmt":"2019-05-08T20:57:53","guid":{"rendered":"http:\/\/www.macquero.com\/?p=7477"},"modified":"2019-08-19T15:11:10","modified_gmt":"2019-08-19T20:11:10","slug":"analisis-macos-10-15-rumores","status":"publish","type":"post","link":"https:\/\/www.macquero.com\/en\/2019\/05\/analisis-macos-10-15-rumores\/","title":{"rendered":"An\u00e1lisis: macOS 10.15 &#8211; Rumores."},"content":{"rendered":"<h4 class=\"wp-block-heading\">El sistema operativo MacOS de pr\u00f3xima generaci\u00f3n de Apple, ya tiene fecha de salida para est\u00e9 a\u00f1o.<\/h4>\n\n\n\n<p>La pr\u00f3xima actualizaci\u00f3n importante del sistema operativo macOS de Apple, macOS 10.15, ya est\u00e1 en desarrollo en la sede de Apple en Cupertino, California.&nbsp;No sabemos mucho sobre la nueva versi\u00f3n, pero hemos le\u00eddo algunos rumores intrigantes que revelan ciertos detalles sobre la pr\u00f3xima actualizaci\u00f3n.<\/p>\n\n\n\n<h4 class=\"wp-block-heading\" id=\"cross-platform_apps\">APLICACIONES MULTIPLATAFORMA<\/h4>\n\n\n\n<p>Apple est\u00e1 trabajando en una nueva funci\u00f3n de aplicaciones universales, que debut\u00f3 por primera vez en macOS Mojave e iOS 12, y se expandir\u00e1 a los desarrolladores en iOS 13 y macOS 10.15.&nbsp;Apple adapt\u00f3 varias aplicaciones de iOS, como Home, Stocks y Voice Memos, a macOS en macOS Mojave.<\/p>\n\n\n\n<p>Seg\u00fan&nbsp;nuestra fuente en Bloomberg, Apple planea lanzar la primera parte del iOS a Mac SDK en iOS 13 y macOS 10.15.&nbsp;Los desarrolladores podr\u00e1n portar aplicaciones de iPad a Mac este a\u00f1o.<\/p>\n\n\n\n<h4 class=\"wp-block-heading\" id=\"new_music_podcasts_and_books_apps\">NUEVAS APPS DE M\u00daSICA, PODCASTS Y LIBROS<\/h4>\n\n\n\n<p>Apple planea&nbsp;introducir&nbsp;nuevas aplicaciones de&nbsp;m\u00fasica, podcasts y libros&nbsp;en macOS 10.15 como parte de su iniciativa multiplataforma.&nbsp;<\/p>\n\n\n\n<p>Estas nuevas apps estar\u00e1n disponibles junto con una nueva aplicaci\u00f3n de TV dise\u00f1ada para Mac, que Apple ha confirmado que estar\u00e1 disponible en el oto\u00f1o.<\/p>\n\n\n\n<p>Las aplicaciones ser\u00e1n similares a sus contrapartes de iOS, creadas con las herramientas de desarrollo <strong><a href=\"https:\/\/9to5mac.com\/guides\/marzipan\/\" target=\"_blank\" rel=\"noreferrer noopener\" aria-label=\"Marzipan de Apple (opens in a new tab)\">Marzipan de Apple<\/a><\/strong>.&nbsp;Podcasts, TV y M\u00fasica ser\u00e1n aplicaciones nuevas, mientras que la aplicaci\u00f3n Libros se redise\u00f1ar\u00e1 para parecerse mejor a la aplicaci\u00f3n Apple News en la Mac.<\/p>\n\n\n\n<p>Estas nuevas aplicaciones significan que iTunes ya no ser\u00e1 el sitio destinado para los medios de comunicaci\u00f3n en el Mac, pero se espera que la aplicaci\u00f3n iTunes para pueda&nbsp;quedarse, ya que todav\u00eda se utiliza para cosas como la sincronizaci\u00f3n de los dispositivos iPhone, iPad y iPod al escritorio.<\/p>\n\n\n\n<h4 class=\"wp-block-heading\">AJUSTE DE VENTANA<\/h4>\n\n\n\n<p>Apple tambi\u00e9n planea agregar una caracter\u00edstica que permitir\u00e1 que las ventanas se ajusten a un lado de la pantalla.<\/p>\n\n\n\n<h4 class=\"wp-block-heading\" id=\"imessage_effects_and_screen_time\">IMESSAGE EFFECTS Y SCREEN TIME<\/h4>\n\n\n\n<p>Se dice que dos funciones de iOS, iMessage Screen Effects y Screen Time,&nbsp;llegar\u00e1n a Mac&nbsp;en macOS 10.15.&nbsp;<\/p>\n\n\n\n<p><strong>Screen Time<\/strong> est\u00e1 dise\u00f1ado para que sepa cu\u00e1nto tiempo est\u00e1s gastando dentro de las aplicaciones y en la web, y tambi\u00e9n en la Mac. Aquellas apps de terceros que ofrecen esta caracter\u00edstica, seguramente deber\u00e1n cancelar ese proyecto ya que ser\u00e1 una herramienta nativa. &nbsp;<\/p>\n\n\n\n<p>En cuanto a los <strong>Efectos de pantalla<\/strong>, en la aplicaci\u00f3n Mensajes en Mac podr\u00e1s ver los efectos de pantalla como Echo, Globos, Confeti, l\u00e1seres y m\u00e1s.&nbsp;En este momento, &#8220;estos&#8221; se limitan a iOS.&nbsp;Tambi\u00e9n se dice que las pegatinas estar\u00e1n incluidas en la aplicaci\u00f3n de mensajes de macOS 10.15. <\/p>\n\n\n\n<blockquote class=\"wp-block-quote is-layout-flow wp-block-quote-is-layout-flow\"><p>Pero, son solamente rumores. <\/p><\/blockquote>\n\n\n\n<p>Ya veremos que pasa. Estaremos informando en la cobertura del WWDC de est\u00e9 a\u00f1o, en una secci\u00f3n dedicada.<br><\/p>","protected":false},"excerpt":{"rendered":"<p>El sistema operativo MacOS de pr\u00f3xima generaci\u00f3n de Apple, ya tiene fecha de salida para est\u00e9 a\u00f1o. La pr\u00f3xima actualizaci\u00f3n importante del sistema operativo macOS de Apple, macOS 10.15, ya est\u00e1 en desarrollo en la sede de Apple en Cupertino, California.&nbsp;No sabemos mucho sobre la nueva versi\u00f3n, pero hemos le\u00eddo algunos rumores intrigantes que revelan &hellip;<\/p>","protected":false},"author":2,"featured_media":7479,"comment_status":"closed","ping_status":"closed","sticky":false,"template":"","format":"standard","meta":{"jetpack_post_was_ever_published":false,"_jetpack_newsletter_access":"","_jetpack_dont_email_post_to_subs":false,"_jetpack_newsletter_tier_id":0,"_jetpack_memberships_contains_paywalled_content":false,"_jetpack_memberships_contains_paid_content":false,"footnotes":"","jetpack_publicize_message":"","jetpack_publicize_feature_enabled":true,"jetpack_social_post_already_shared":true,"jetpack_social_options":{"image_generator_settings":{"template":"highway","default_image_id":0,"font":"","enabled":false},"version":2}},"categories":[755,371],"tags":[],"class_list":["post-7477","post","type-post","status-publish","format-standard","has-post-thumbnail","hentry","category-ios","category-mac"],"jetpack_publicize_connections":[],"jetpack_featured_media_url":"https:\/\/www.macquero.com\/wp-content\/uploads\/2019\/05\/www.macquero.com-analisis-macos-10-15-captura-de-pantalla-2019-05-08-a-las-4.55.14-p.-m..png","jetpack_sharing_enabled":true,"_links":{"self":[{"href":"https:\/\/www.macquero.com\/en\/wp-json\/wp\/v2\/posts\/7477","targetHints":{"allow":["GET"]}}],"collection":[{"href":"https:\/\/www.macquero.com\/en\/wp-json\/wp\/v2\/posts"}],"about":[{"href":"https:\/\/www.macquero.com\/en\/wp-json\/wp\/v2\/types\/post"}],"author":[{"embeddable":true,"href":"https:\/\/www.macquero.com\/en\/wp-json\/wp\/v2\/users\/2"}],"replies":[{"embeddable":true,"href":"https:\/\/www.macquero.com\/en\/wp-json\/wp\/v2\/comments?post=7477"}],"version-history":[{"count":2,"href":"https:\/\/www.macquero.com\/en\/wp-json\/wp\/v2\/posts\/7477\/revisions"}],"predecessor-version":[{"id":7481,"href":"https:\/\/www.macquero.com\/en\/wp-json\/wp\/v2\/posts\/7477\/revisions\/7481"}],"wp:featuredmedia":[{"embeddable":true,"href":"https:\/\/www.macquero.com\/en\/wp-json\/wp\/v2\/media\/7479"}],"wp:attachment":[{"href":"https:\/\/www.macquero.com\/en\/wp-json\/wp\/v2\/media?parent=7477"}],"wp:term":[{"taxonomy":"category","embeddable":true,"href":"https:\/\/www.macquero.com\/en\/wp-json\/wp\/v2\/categories?post=7477"},{"taxonomy":"post_tag","embeddable":true,"href":"https:\/\/www.macquero.com\/en\/wp-json\/wp\/v2\/tags?post=7477"}],"curies":[{"name":"wp","href":"https:\/\/api.w.org\/{rel}","templated":true}]}}