{"id":7449,"date":"2019-05-06T04:59:06","date_gmt":"2019-05-06T09:59:06","guid":{"rendered":"http:\/\/www.macquero.com\/?p=7449"},"modified":"2021-10-31T19:59:33","modified_gmt":"2021-11-01T01:59:33","slug":"opinion-black-mirror-una-sola-palabra-extravagante","status":"publish","type":"post","link":"https:\/\/www.macquero.com\/en\/2019\/05\/opinion-black-mirror-una-sola-palabra-extravagante\/","title":{"rendered":"Black Mirror. Una sola palabra: Extravagante."},"content":{"rendered":"<p>Puntuaci\u00f3n: &#x2b50;&#x2b50;&#x2b50;&#x2b50;&#x2b50;<\/p>\n\n\n\n<h4 class=\"wp-block-heading\">\u00bfDe d\u00f3nde sali\u00f3?<\/h4>\n\n\n\n<p>No hay otra serie como&nbsp;Black Mirror&nbsp;en televisi\u00f3n de ciencia ficci\u00f3n sobre tecnolog\u00eda y comunicaci\u00f3n en el siglo XXI. Aterriz\u00f3&nbsp;en 2011 en el canal brit\u00e1nico Channel 4. La creaci\u00f3n de&nbsp;Charlie Brooker, provocadora y directa, no tard\u00f3 en ser un fen\u00f3meno.<\/p>\n\n\n\n<h4 class=\"wp-block-heading\">Original de Netflix<\/h4>\n\n\n\n<p>En 2016 llev\u00f3 a cabo su salto internacional gracias a la plataforma digital Netflix, que produjo seis nuevos cap\u00edtulos, los que compon\u00edan su tercera temporada. <\/p>\n\n\n\n<blockquote class=\"wp-block-quote is-layout-flow wp-block-quote-is-layout-flow\"><p>La cuarta lleg\u00f3 en el 2017 y estaba a punto de despedirse, con otros seis episodios independientes y muy distintos entre s\u00ed. <\/p><cite>(Que seguramente ya has podido puntuar).&nbsp;<br><br><\/cite><\/blockquote>\n\n\n\n<h4 class=\"wp-block-heading\">Opini\u00f3n:<\/h4>\n\n\n\n<p>Cualquiera que llegue por primera vez a esta plataforma de transmisi\u00f3n, alg\u00fan amigo\/a te recomendar\u00e1 ver esta serie. En lo personal todav\u00eda me cuesta digerirla, aunque hay temas verdaderamente interesantes, la realidad subjetiva contiene altas dosis de cinismo. <\/p>\n\n\n\n<p>Es una serie de&nbsp;antolog\u00eda en un formato televisivo <strong>no apta para todas las audiencias.&nbsp;<\/strong><\/p>\n\n\n\n<h4 class=\"wp-block-heading\">Se recomienda discreci\u00f3n. <\/h4>\n\n\n\n<h4 class=\"wp-block-heading\">Black Mirror<\/h4>\n\n\n\n<p>Por definici\u00f3n: es una serie de episodios desconectados que con cada entrega cambian la historia, los personajes, el reparto e incluso el g\u00e9nero (aunque normalmente no la direcci\u00f3n) es una&nbsp;estructura que dificulta la fidelidad de la audiencia, no s\u00f3lo por la falta de continuidad sino tambi\u00e9n por la frecuente irregularidad de inter\u00e9s o calidad entre episodios.<\/p>\n\n\n\n<h4 class=\"wp-block-heading\">Series de antolog\u00eda<\/h4>\n\n\n\n<p>La&nbsp;antolog\u00eda televisiva&nbsp;llevaba muerta d\u00e9cadas hasta que&nbsp;la pr\u00e1ctica de estructurarlo por temporadas resucit\u00f3 el formato&nbsp;hace unos a\u00f1os con &#8216;American Horror Story&#8217;, a la que siguieron t\u00edtulos como &#8216;Fargo&#8217;, &#8216;True Detective&#8217; o &#8216;American Crime Story&#8217;.&nbsp;Entre otras.<\/p>\n\n\n\n<h4 class=\"wp-block-heading\">La 4ta. Temporada. Black Mirror<\/h4>\n\n\n\n<p>Llega a Netflix con seis nuevos cap\u00edtulos y siguen explorando este modelo de filmaci\u00f3n de forma muy diversa, tanto en producci\u00f3n, como g\u00e9nero, y con&nbsp;mujeres protagonizando todas las historias. Sigue sin dejar indiferente, propone dilemas morales y apela a un universo de espectadores con intereses y preferencias variados.<\/p>\n\n\n\n<p>&#8216;Black Mirror&#8217; es una serie que por su naturaleza siempre va a generar pol\u00e9mica. Siempre habr\u00e1 espectadores que rechacen cierto tipo de g\u00e9neros, a nivel de producci\u00f3n. Pero, tambi\u00e9n otros abrazar\u00e1n este tipo de series; habr\u00e1 unos que conecten con el cinismo y otros que prefieran agarrarse a lo escaso atractivo que muestran sus historias.<\/p>\n\n\n\n<p>Es bastante extra\u00f1a, pero muy buena en todos sus esquemas. <\/p>\n\n\n\n<p>Es una de mis series favoritas.<\/p>","protected":false},"excerpt":{"rendered":"<p>Puntuaci\u00f3n: &#x2b50;&#x2b50;&#x2b50;&#x2b50;&#x2b50; \u00bfDe d\u00f3nde sali\u00f3? No hay otra serie como&nbsp;Black Mirror&nbsp;en televisi\u00f3n de ciencia ficci\u00f3n sobre tecnolog\u00eda y comunicaci\u00f3n en el siglo XXI. Aterriz\u00f3&nbsp;en 2011 en el canal brit\u00e1nico Channel 4. La creaci\u00f3n de&nbsp;Charlie Brooker, provocadora y directa, no tard\u00f3 en ser un fen\u00f3meno. Original de Netflix En 2016 llev\u00f3 a cabo su salto internacional &hellip;<\/p>","protected":false},"author":2,"featured_media":7451,"comment_status":"closed","ping_status":"closed","sticky":false,"template":"","format":"standard","meta":{"jetpack_post_was_ever_published":false,"_jetpack_newsletter_access":"","_jetpack_dont_email_post_to_subs":false,"_jetpack_newsletter_tier_id":0,"_jetpack_memberships_contains_paywalled_content":false,"_jetpack_memberships_contains_paid_content":false,"footnotes":"","jetpack_publicize_message":"","jetpack_publicize_feature_enabled":true,"jetpack_social_post_already_shared":true,"jetpack_social_options":{"image_generator_settings":{"template":"highway","default_image_id":0,"font":"","enabled":false},"version":2}},"categories":[1019,733],"tags":[431,303,750],"class_list":["post-7449","post","type-post","status-publish","format-standard","has-post-thumbnail","hentry","category-analisis-y-opinion","category-originales-de-netflix","tag-ciencia-ficcion","tag-drama","tag-inquietante"],"jetpack_publicize_connections":[],"jetpack_featured_media_url":"https:\/\/www.macquero.com\/wp-content\/uploads\/2019\/05\/www.macquero.com-opinion-black-mirrow-una-sola-palabra-extravagante-captura-de-pantalla-2019-05-06-a-las-5.53.11-a.-m..png","jetpack_sharing_enabled":true,"_links":{"self":[{"href":"https:\/\/www.macquero.com\/en\/wp-json\/wp\/v2\/posts\/7449","targetHints":{"allow":["GET"]}}],"collection":[{"href":"https:\/\/www.macquero.com\/en\/wp-json\/wp\/v2\/posts"}],"about":[{"href":"https:\/\/www.macquero.com\/en\/wp-json\/wp\/v2\/types\/post"}],"author":[{"embeddable":true,"href":"https:\/\/www.macquero.com\/en\/wp-json\/wp\/v2\/users\/2"}],"replies":[{"embeddable":true,"href":"https:\/\/www.macquero.com\/en\/wp-json\/wp\/v2\/comments?post=7449"}],"version-history":[{"count":14,"href":"https:\/\/www.macquero.com\/en\/wp-json\/wp\/v2\/posts\/7449\/revisions"}],"predecessor-version":[{"id":14839,"href":"https:\/\/www.macquero.com\/en\/wp-json\/wp\/v2\/posts\/7449\/revisions\/14839"}],"wp:featuredmedia":[{"embeddable":true,"href":"https:\/\/www.macquero.com\/en\/wp-json\/wp\/v2\/media\/7451"}],"wp:attachment":[{"href":"https:\/\/www.macquero.com\/en\/wp-json\/wp\/v2\/media?parent=7449"}],"wp:term":[{"taxonomy":"category","embeddable":true,"href":"https:\/\/www.macquero.com\/en\/wp-json\/wp\/v2\/categories?post=7449"},{"taxonomy":"post_tag","embeddable":true,"href":"https:\/\/www.macquero.com\/en\/wp-json\/wp\/v2\/tags?post=7449"}],"curies":[{"name":"wp","href":"https:\/\/api.w.org\/{rel}","templated":true}]}}