{"id":7301,"date":"2019-04-24T04:18:39","date_gmt":"2019-04-24T09:18:39","guid":{"rendered":"http:\/\/www.macquero.com\/?p=7301"},"modified":"2021-11-25T21:21:39","modified_gmt":"2021-11-26T03:21:39","slug":"opinion-the-umbrella-academy-serie-recomendada-disponible-para-suscriptores-de-netflix-valoracion-de-la-banda-sonora-y-su-adquisicion-en-itunes-store","status":"publish","type":"post","link":"https:\/\/www.macquero.com\/en\/2019\/04\/opinion-the-umbrella-academy-serie-recomendada-disponible-para-suscriptores-de-netflix-valoracion-de-la-banda-sonora-y-su-adquisicion-en-itunes-store\/","title":{"rendered":"The Umbrella Academy. Serie recomendada. &#8211; Valoraci\u00f3n de la banda sonora."},"content":{"rendered":"<p>Puntuaci\u00f3n: &#x2b50;&#x2b50;&#x2b50;&#x2b50;<\/p>\n\n\n\n<p>Cu\u00e1ndo empec\u00e9 en el mundo de <strong>Netflix<\/strong>, y pude ser testigo, del inmenso volumen de opciones para disfrutar. <strong>Entre en p\u00e1nico<\/strong>. <\/p>\n\n\n\n<p>SERIE RECOMENDADA por un gran amigo (a qui\u00e9n le doy las gracias por esta gran oportunidad).<\/p>\n\n\n\n<h3 class=\"wp-block-heading\">UMBRELLA ACADEMY<\/h3>\n\n\n\n<h4 class=\"wp-block-heading\">Sipnosis<\/h4>\n\n\n\n<p>The Umbrella Academy&nbsp;es una&nbsp;serie de televisi\u00f3n&nbsp;de&nbsp;superh\u00e9roes estadounidense&nbsp;de 2019, desarrollada por&nbsp;<a rel=\"noreferrer noopener\" aria-label=\"Steve Blackman (opens in a new tab)\" href=\"https:\/\/www.instagram.com\/steveblackmantv\" target=\"_blank\">Steve Blackman<\/a>&nbsp;para&nbsp;<strong>Netflix<\/strong>. Es una adaptaci\u00f3n de&nbsp;la serie de c\u00f3mics hom\u00f3nima&nbsp;escrita por&nbsp;Gerard Way&nbsp;desde 2007 y publicada por&nbsp;<a rel=\"noreferrer noopener\" aria-label=\"Dark Horse Comics (opens in a new tab)\" href=\"https:\/\/www.darkhorse.com\/\" target=\"_blank\">Dark Horse Comics<\/a>. Su primera temporada, que adapta las&nbsp;series limitadas <strong>Apocalypse suite<\/strong>&nbsp;y&nbsp;<strong>Dallas<\/strong>,\u200b se estren\u00f3 el 15 de febrero de 2019. En abril de 2019, d\u00f3nde se anunci\u00f3 que la serie se renov\u00f3 para una segunda temporada.<\/p>\n\n\n\n<h4 class=\"wp-block-heading\">Argumentaci\u00f3n<\/h4>\n\n\n\n<p>El concepto de esta irresistible producci\u00f3n, se encuentra en el primer volumen de la historia del c\u00f3mic de <a rel=\"noreferrer noopener\" aria-label=\"Gerard Way  (opens in a new tab)\" href=\"https:\/\/www.instagram.com\/gerardway\" target=\"_blank\"><strong>Gerard Way <\/strong><\/a>e ilustrada por <a rel=\"noreferrer noopener\" aria-label=\"Gabriel B\u00e1 (opens in a new tab)\" href=\"https:\/\/www.instagram.com\/gabriel_ba\/\" target=\"_blank\"><strong>Gabriel B\u00e1<\/strong><\/a> y el resultado solo nos deja ver una miniserie de seis n\u00fameros, por lo que una primera temporada de 10 episodios, para los que leyeron el original, tendr\u00eda que rellenar bastante para abordar lo que involucra la saga de \u201cla suite del Apocalipsis\u201d.<\/p>\n\n\n\n<p>Pero el resultado final de la adaptaci\u00f3n estrenada por <strong>Netflix<\/strong>&nbsp;es una verdadera joya en t\u00e9rminos de c\u00f3mo construir una adaptaci\u00f3n.<\/p>\n\n\n\n<blockquote class=\"wp-block-quote is-layout-flow wp-block-quote-is-layout-flow\"><p>Una serie irreverente destacada por su esencia, abrazando los conceptos y personajes para abordar una historia que, en este caso, termina brillando con luces propias.<\/p><cite>Despu\u00e9s de ver algunos episodios, ahora puedo comprender la opini\u00f3n de quienes me suscribieron esta recomendaci\u00f3n.<\/cite><\/blockquote>\n\n\n\n<p>En esta producci\u00f3n ver\u00e1s: personajes fascinantes, relaciones llenas de intriga, misterios y conflictos diversos, haciendo relucir elementos de ciencia ficci\u00f3n y un accionar de superh\u00e9roes dentro de la trama.<\/p>\n\n\n\n<p>&#8220;Qui\u00e9n valora esta producci\u00f3n, me habl\u00f3 del soundtrack, como algo: \u00a1Espectacular! Y no se equ\u00edvoco&#8221;.<\/p>\n\n\n\n<figure class=\"wp-block-embed is-type-video is-provider-youtube wp-block-embed-youtube wp-embed-aspect-16-9 wp-has-aspect-ratio\"><div class=\"wp-block-embed__wrapper\">\n<span class=\"embed-youtube\" style=\"text-align:center; display: block;\"><iframe loading=\"lazy\" class=\"youtube-player\" width=\"640\" height=\"360\" src=\"https:\/\/www.youtube.com\/embed\/ZTCrqXpKHec?version=3&#038;rel=1&#038;showsearch=0&#038;showinfo=1&#038;iv_load_policy=1&#038;fs=1&#038;hl=en-US&#038;autohide=2&#038;wmode=transparent\" allowfullscreen=\"true\" style=\"border:0;\" sandbox=\"allow-scripts allow-same-origin allow-popups allow-presentation allow-popups-to-escape-sandbox\"><\/iframe><\/span>\n<\/div><figcaption><strong>Soundtrack<\/strong><\/figcaption><\/figure>\n\n\n\n<h3 class=\"wp-block-heading\">Opini\u00f3n<\/h3>\n\n\n\n<p>Una opci\u00f3n interesante, y en mi opini\u00f3n bastante diferente, no es apta para todo el mundo, ya que al ser una adaptaci\u00f3n (producci\u00f3n original de Netflix), se aleja de los m\u00e1rgenes de Marvel o DC Comics. <\/p>\n\n\n\n<p><strong>Umbrella Academy<\/strong>&nbsp;es una serie de superh\u00e9roes que toca teclas comunes y recorre caminos muy familiares, pero no se parece en nada a otras series. <\/p>","protected":false},"excerpt":{"rendered":"<p>Puntuaci\u00f3n: &#x2b50;&#x2b50;&#x2b50;&#x2b50; Cu\u00e1ndo empec\u00e9 en el mundo de Netflix, y pude ser testigo, del inmenso volumen de opciones para disfrutar. Entre en p\u00e1nico. SERIE RECOMENDADA por un gran amigo (a qui\u00e9n le doy las gracias por esta gran oportunidad). UMBRELLA ACADEMY Sipnosis The Umbrella Academy&nbsp;es una&nbsp;serie de televisi\u00f3n&nbsp;de&nbsp;superh\u00e9roes estadounidense&nbsp;de 2019, desarrollada por&nbsp;Steve Blackman&nbsp;para&nbsp;Netflix. Es una &hellip;<\/p>","protected":false},"author":2,"featured_media":7306,"comment_status":"closed","ping_status":"closed","sticky":false,"template":"","format":"standard","meta":{"jetpack_post_was_ever_published":false,"_jetpack_newsletter_access":"","_jetpack_dont_email_post_to_subs":false,"_jetpack_newsletter_tier_id":0,"_jetpack_memberships_contains_paywalled_content":false,"_jetpack_memberships_contains_paid_content":false,"footnotes":"","jetpack_publicize_message":"","jetpack_publicize_feature_enabled":true,"jetpack_social_post_already_shared":true,"jetpack_social_options":{"image_generator_settings":{"template":"highway","default_image_id":0,"font":"","enabled":false},"version":2}},"categories":[1019,733],"tags":[682,431],"class_list":["post-7301","post","type-post","status-publish","format-standard","has-post-thumbnail","hentry","category-analisis-y-opinion","category-originales-de-netflix","tag-accion-y-aventura","tag-ciencia-ficcion"],"jetpack_publicize_connections":[],"jetpack_featured_media_url":"https:\/\/www.macquero.com\/wp-content\/uploads\/2019\/04\/www.macquero.com-opinion-umbrella-academy-serie-recomendada-disponible-para-suscriptores-de-netflix-captura-de-pantalla-2019-04-24-a-las-5.00.52-a.-m..png","jetpack_sharing_enabled":true,"_links":{"self":[{"href":"https:\/\/www.macquero.com\/en\/wp-json\/wp\/v2\/posts\/7301","targetHints":{"allow":["GET"]}}],"collection":[{"href":"https:\/\/www.macquero.com\/en\/wp-json\/wp\/v2\/posts"}],"about":[{"href":"https:\/\/www.macquero.com\/en\/wp-json\/wp\/v2\/types\/post"}],"author":[{"embeddable":true,"href":"https:\/\/www.macquero.com\/en\/wp-json\/wp\/v2\/users\/2"}],"replies":[{"embeddable":true,"href":"https:\/\/www.macquero.com\/en\/wp-json\/wp\/v2\/comments?post=7301"}],"version-history":[{"count":10,"href":"https:\/\/www.macquero.com\/en\/wp-json\/wp\/v2\/posts\/7301\/revisions"}],"predecessor-version":[{"id":14837,"href":"https:\/\/www.macquero.com\/en\/wp-json\/wp\/v2\/posts\/7301\/revisions\/14837"}],"wp:featuredmedia":[{"embeddable":true,"href":"https:\/\/www.macquero.com\/en\/wp-json\/wp\/v2\/media\/7306"}],"wp:attachment":[{"href":"https:\/\/www.macquero.com\/en\/wp-json\/wp\/v2\/media?parent=7301"}],"wp:term":[{"taxonomy":"category","embeddable":true,"href":"https:\/\/www.macquero.com\/en\/wp-json\/wp\/v2\/categories?post=7301"},{"taxonomy":"post_tag","embeddable":true,"href":"https:\/\/www.macquero.com\/en\/wp-json\/wp\/v2\/tags?post=7301"}],"curies":[{"name":"wp","href":"https:\/\/api.w.org\/{rel}","templated":true}]}}