{"id":7235,"date":"2019-04-21T00:03:18","date_gmt":"2019-04-21T05:03:18","guid":{"rendered":"http:\/\/www.macquero.com\/?p=7235"},"modified":"2019-08-19T15:14:44","modified_gmt":"2019-08-19T20:14:44","slug":"opinion-stranger-things-2-disponible-para-suscriptores-de-netflix","status":"publish","type":"post","link":"https:\/\/www.macquero.com\/en\/2019\/04\/opinion-stranger-things-2-disponible-para-suscriptores-de-netflix\/","title":{"rendered":"Opini\u00f3n: Stranger Things 2, disponible para suscriptores de Netflix."},"content":{"rendered":"<blockquote class=\"wp-block-quote is-layout-flow wp-block-quote-is-layout-flow\"><p>Tengo que empezar con lo siguiente: &#8220;ya s\u00e9, que llegue tarde&#8221;. \u00a1Lo s\u00e9!. Me toc\u00f3 ver la primera de 8 cap\u00edtulos antes de la 2da temporada.<\/p><cite>Si me preguntan a mi: Me gust\u00f3 m\u00e1s la 2da, qu\u00e9 la primera. <\/cite><\/blockquote>\n\n\n\n<p>La Segunda Temporada de la serie original de Netflix,&nbsp;<strong>Stranger Things<\/strong>, como todos ustedes ya conocen, fue confirmada por Netflix el 31 de agosto de 2016 para un lanzamiento en 2017.<\/p>\n\n\n\n<figure class=\"wp-block-embed-youtube wp-block-embed is-type-video is-provider-youtube wp-embed-aspect-16-9 wp-has-aspect-ratio\"><div class=\"wp-block-embed__wrapper\">\n<span class=\"embed-youtube\" style=\"text-align:center; display: block;\"><iframe loading=\"lazy\" class=\"youtube-player\" width=\"640\" height=\"360\" src=\"https:\/\/www.youtube.com\/embed\/R1ZXOOLMJ8s?version=3&#038;rel=1&#038;showsearch=0&#038;showinfo=1&#038;iv_load_policy=1&#038;fs=1&#038;hl=en-US&#038;autohide=2&#038;wmode=transparent\" allowfullscreen=\"true\" style=\"border:0;\" sandbox=\"allow-scripts allow-same-origin allow-popups allow-presentation allow-popups-to-escape-sandbox\"><\/iframe><\/span>\n<\/div><figcaption><strong>Trailer 2da temporada.<\/strong><\/figcaption><\/figure>\n\n\n\n<p>Ambas temporadas se complementan una con la otra, dej\u00e1ndonos ver extra\u00f1as desapariciones, un pueblo bajo el azote de distintos misterios que van revel\u00e1ndose a medida que vamos siguiendo cada episodio y un escenario visiblemente espeluznante.<\/p>\n\n\n\n<p><strong>La serie re\u00fane:<\/strong> experimentos secretos, fuerzas sobrenaturales y una historia que te atrapa a cada momento.<\/p>\n\n\n\n<h2 class=\"wp-block-heading\">Opini\u00f3n<\/h2>\n\n\n\n<p>Muchos de los ingredientes que hacen que la serie (al menos para mi sea fascinante), es la ambientaci\u00f3n en los a\u00f1os 80\u00b4s.<\/p>\n\n\n\n<p>La serie cuenta con innumerables elementos sorpresa, transformados en acertijos y dosis de suspenso que nos lleva a la sensaci\u00f3n de un horror suave, con el coraz\u00f3n de un romance entre adolescentes de la \u00e9poca.<\/p>\n\n\n\n<p>Una funci\u00f3n estelar, subrayado por una excelente actuaci\u00f3n y una puntuaci\u00f3n de fondo que realmente establece el estado de \u00e1nimo. (Para aquellos, que vivimos la mejor d\u00e9cada que ha existido). <\/p>\n\n\n\n<blockquote class=\"wp-block-quote is-layout-flow wp-block-quote-is-layout-flow\"><p>Otro elemento fascinante es su banda sonora, cada canci\u00f3n me transport\u00f3 al lugar exacto donde la escuch\u00e9 por primera vez.&nbsp;<\/p><cite>\u00a1Simplemente incre\u00edble!<\/cite><\/blockquote>\n\n\n\n<figure class=\"wp-block-embed-youtube wp-block-embed is-type-video is-provider-youtube wp-embed-aspect-16-9 wp-has-aspect-ratio\"><div class=\"wp-block-embed__wrapper\">\n<span class=\"embed-youtube\" style=\"text-align:center; display: block;\"><iframe loading=\"lazy\" class=\"youtube-player\" width=\"640\" height=\"360\" src=\"https:\/\/www.youtube.com\/embed\/9AI93vCWgaU?version=3&#038;rel=1&#038;showsearch=0&#038;showinfo=1&#038;iv_load_policy=1&#038;fs=1&#038;hl=en-US&#038;autohide=2&#038;wmode=transparent\" allowfullscreen=\"true\" style=\"border:0;\" sandbox=\"allow-scripts allow-same-origin allow-popups allow-presentation allow-popups-to-escape-sandbox\"><\/iframe><\/span>\n<\/div><figcaption><strong>Trailer 3era temporada<\/strong><\/figcaption><\/figure>\n\n\n\n<p>Con una tercera temporada ya confirmada. Esta no es solo una de las mejores series de <strong>Netflix<\/strong>, sino una de las mejores series de televisi\u00f3n. <\/p>","protected":false},"excerpt":{"rendered":"<p>Tengo que empezar con lo siguiente: &#8220;ya s\u00e9, que llegue tarde&#8221;. \u00a1Lo s\u00e9!. Me toc\u00f3 ver la primera de 8 cap\u00edtulos antes de la 2da temporada.Si me preguntan a mi: Me gust\u00f3 m\u00e1s la 2da, qu\u00e9 la primera. La Segunda Temporada de la serie original de Netflix,&nbsp;Stranger Things, como todos ustedes ya conocen, fue confirmada &hellip;<\/p>","protected":false},"author":2,"featured_media":7238,"comment_status":"closed","ping_status":"closed","sticky":false,"template":"","format":"standard","meta":{"jetpack_post_was_ever_published":false,"_jetpack_newsletter_access":"","_jetpack_dont_email_post_to_subs":false,"_jetpack_newsletter_tier_id":0,"_jetpack_memberships_contains_paywalled_content":false,"_jetpack_memberships_contains_paid_content":false,"footnotes":"","jetpack_publicize_message":"","jetpack_publicize_feature_enabled":true,"jetpack_social_post_already_shared":true,"jetpack_social_options":{"image_generator_settings":{"template":"highway","default_image_id":0,"font":"","enabled":false},"version":2}},"categories":[696,733,732],"tags":[431,303,534,432],"class_list":["post-7235","post","type-post","status-publish","format-standard","has-post-thumbnail","hentry","category-netflix","category-originales-de-netflix","category-series","tag-ciencia-ficcion","tag-drama","tag-horror","tag-suspenso"],"jetpack_publicize_connections":[],"jetpack_featured_media_url":"https:\/\/www.macquero.com\/wp-content\/uploads\/2019\/04\/www.macquero.com-opinion-stranger-things-2-disponible-para-suscriptores-de-netflix-captura-de-pantalla-2019-04-21-a-las-12.22.56-a.-m..png","jetpack_sharing_enabled":true,"_links":{"self":[{"href":"https:\/\/www.macquero.com\/en\/wp-json\/wp\/v2\/posts\/7235","targetHints":{"allow":["GET"]}}],"collection":[{"href":"https:\/\/www.macquero.com\/en\/wp-json\/wp\/v2\/posts"}],"about":[{"href":"https:\/\/www.macquero.com\/en\/wp-json\/wp\/v2\/types\/post"}],"author":[{"embeddable":true,"href":"https:\/\/www.macquero.com\/en\/wp-json\/wp\/v2\/users\/2"}],"replies":[{"embeddable":true,"href":"https:\/\/www.macquero.com\/en\/wp-json\/wp\/v2\/comments?post=7235"}],"version-history":[{"count":4,"href":"https:\/\/www.macquero.com\/en\/wp-json\/wp\/v2\/posts\/7235\/revisions"}],"predecessor-version":[{"id":7241,"href":"https:\/\/www.macquero.com\/en\/wp-json\/wp\/v2\/posts\/7235\/revisions\/7241"}],"wp:featuredmedia":[{"embeddable":true,"href":"https:\/\/www.macquero.com\/en\/wp-json\/wp\/v2\/media\/7238"}],"wp:attachment":[{"href":"https:\/\/www.macquero.com\/en\/wp-json\/wp\/v2\/media?parent=7235"}],"wp:term":[{"taxonomy":"category","embeddable":true,"href":"https:\/\/www.macquero.com\/en\/wp-json\/wp\/v2\/categories?post=7235"},{"taxonomy":"post_tag","embeddable":true,"href":"https:\/\/www.macquero.com\/en\/wp-json\/wp\/v2\/tags?post=7235"}],"curies":[{"name":"wp","href":"https:\/\/api.w.org\/{rel}","templated":true}]}}