{"id":7222,"date":"2021-10-24T00:03:00","date_gmt":"2021-10-24T05:03:00","guid":{"rendered":"http:\/\/www.macquero.com\/?p=7222"},"modified":"2021-10-24T14:50:13","modified_gmt":"2021-10-24T19:50:13","slug":"hemos-anadido-de-manera-oficial-una-nueva-categoria-a-nuestra-oferta-de-entretenimiento-netflix","status":"publish","type":"post","link":"https:\/\/www.macquero.com\/en\/2021\/10\/hemos-anadido-de-manera-oficial-una-nueva-categoria-a-nuestra-oferta-de-entretenimiento-netflix\/","title":{"rendered":"Nuevo dise\u00f1o para la entrada del sitio: Abordar\u00e1 temas esenciales de la Marca."},"content":{"rendered":"<h2 class=\"wp-block-heading\">Hemos a\u00f1adido de manera oficial, nuevas secciones a nuestra oferta de servicios: Netflix, qu\u00e9 rentar en Apple TV? Son algunas de las novedades que se encuentran activas.<\/h2>\n\n\n\n<p>A parte de nuestra recomendaci\u00f3n de pel\u00edculas para comprar o rentar pel\u00edculas en la App del <a rel=\"noreferrer noopener\" href=\"https:\/\/support.apple.com\/es-lamr\/HT201611\" data-type=\"URL\" data-id=\"https:\/\/support.apple.com\/es-lamr\/HT201611\" target=\"_blank\">Apple TV<\/a>. <\/p>\n\n\n\n<p>La categorizaci\u00f3n de temas centralizados en NETFLIX ya exist\u00eda desde el 2019 y fue a\u00f1adida para ese momento c\u00f3mo un carril destinado \u00fanicamente para suscriptores de Netflix. (Con recomendaciones de estrenos, y opini\u00f3n de pel\u00edculas y series no esencialmente nuevas en el cat\u00e1logo).  <\/p>\n\n\n\n<h2 class=\"wp-block-heading\">News <\/h2>\n\n\n\n<h2 class=\"wp-block-heading\">NETFLIX<\/h2>\n\n\n\n<p>La nueva secci\u00f3n para NETFLIX funcionar\u00e1 exactamente igual que nuestra secci\u00f3n de &#8220;Rentar en Apple TV&#8221;, el nuevo concepto: contendr\u00e1 recomendaciones de series y pel\u00edculas: clasificadas en documentales, realities, y otros tipos de programas de acuerdo a diferentes opciones y gustos. <\/p>\n\n\n\n<figure class=\"wp-block-image size-large\"><img loading=\"lazy\" decoding=\"async\" width=\"940\" height=\"564\" src=\"https:\/\/www.macquero.com\/wp-content\/uploads\/2021\/10\/netf-940x564.jpg\" alt=\"\" class=\"wp-image-14441\" srcset=\"https:\/\/www.macquero.com\/wp-content\/uploads\/2021\/10\/netf-940x564.jpg 940w, https:\/\/www.macquero.com\/wp-content\/uploads\/2021\/10\/netf-620x372.jpg 620w, https:\/\/www.macquero.com\/wp-content\/uploads\/2021\/10\/netf-300x180.jpg 300w, https:\/\/www.macquero.com\/wp-content\/uploads\/2021\/10\/netf-768x461.jpg 768w, https:\/\/www.macquero.com\/wp-content\/uploads\/2021\/10\/netf-1536x922.jpg 1536w, https:\/\/www.macquero.com\/wp-content\/uploads\/2021\/10\/netf-2048x1229.jpg 2048w, https:\/\/www.macquero.com\/wp-content\/uploads\/2021\/10\/netf-18x12.jpg 18w\" sizes=\"auto, (max-width: 940px) 100vw, 940px\" \/><figcaption>Nueva y mejorada secci\u00f3n de NETFLIX.<\/figcaption><\/figure>\n\n\n\n<p>Pero tambi\u00e9n contar\u00e1 con una nueva modalidad: de revista de opini\u00f3n (en desarrollo), para ampliar la oferta de entretenimiento con art\u00edculos de inter\u00e9s sobre nuevos lanzamientos, retrasos de la producci\u00f3n, lo qu\u00e9 sale del cat\u00e1logo y otros temas de inter\u00e9s. <\/p>\n\n\n\n<h3 class=\"wp-block-heading\">Apple TV<\/h3>\n\n\n\n<p>La nueva secci\u00f3n, permitir\u00e1 rentar recomendaciones de pel\u00edculas en Apple TV. <\/p>\n\n\n\n<p>Tambi\u00e9n me abocar\u00e9 a revisar, lo qu\u00e9 tenemos publicado con anterioridad en la secci\u00f3n de pel\u00edculas (para constatar que siga disponible en el Apple TV).<\/p>\n\n\n\n<blockquote class=\"wp-block-quote is-layout-flow wp-block-quote-is-layout-flow\"><p>En el nuevo dise\u00f1o de Macquero, las diferentes secciones son de car\u00e1cter independiente. <\/p><\/blockquote>\n\n\n\n<p>Es decir, podr\u00e1s navegar en el lugar qu\u00e9 m\u00e1s te interese.<\/p>\n\n\n\n<p>Las noticias de &#8220;nuevos post o entradas&#8221; sobre temas espec\u00edficos ser\u00e1n movidos a la secci\u00f3n. (Es decir, cu\u00e1ndo ingreses a Macquero no ver\u00e1s relaci\u00f3n de temas exclusivos en la portada, salv\u00f3 qu\u00e9 haya dispuesto un feed de noticias en esa p\u00e1gina).<\/p>\n\n\n\n<h3 class=\"wp-block-heading\">\u00bfC\u00f3mo sabr\u00e9 qu\u00e9 se estren\u00f3 en Netflix?<\/h3>\n\n\n\n<p>Tendr\u00e1s a tu disposici\u00f3n varios &#8220;m\u00e9todos de noticias&#8221; con informaci\u00f3n de actualizaci\u00f3n de contenido para NETFLIX. <\/p>\n\n\n\n<p>Desde el pie de p\u00e1gina: Podr\u00e1s conocer las novedades y lanzamientos de todo lo qu\u00e9 iremos publicando con relaci\u00f3n a cualquier tema, pero tambi\u00e9n podr\u00e1s leer feeds personalizados de otras categor\u00edas como &#8220;pel\u00edculas y series para NETFLIX&#8221;. Por ejemplo.-<\/p>\n\n\n\n<p>De forma optativa siempre podr\u00e1s acudir <strong>al men\u00fa de hamburguesa<\/strong> y revisar las opciones emergentes para visualizar r\u00e1pidamente -sin importar en qu\u00e9 secci\u00f3n del blog te encuentres-, lo que es popular y lo que es tendencia en NETFLIX.<\/p>\n\n\n\n<h1 class=\"wp-block-heading\">Lo nuevo en Macquero <\/h1>\n\n\n\n<p>La nueva versi\u00f3n de Macquero, ha sido re-dise\u00f1ada para que encuentres de manera inicial lo que verdaderamente nos interesa que veas desde el inicio. Temas: con informaci\u00f3n de recursos, servicios, apps, juegos, opini\u00f3n y novedades de lanzamiento de software y hardware de la marca. <\/p>\n\n\n\n<figure class=\"wp-block-image size-large\"><img loading=\"lazy\" decoding=\"async\" width=\"940\" height=\"564\" src=\"https:\/\/www.macquero.com\/wp-content\/uploads\/2021\/10\/mac2-940x564.jpg\" alt=\"\" class=\"wp-image-14399\" srcset=\"https:\/\/www.macquero.com\/wp-content\/uploads\/2021\/10\/mac2-940x564.jpg 940w, https:\/\/www.macquero.com\/wp-content\/uploads\/2021\/10\/mac2-620x372.jpg 620w, https:\/\/www.macquero.com\/wp-content\/uploads\/2021\/10\/mac2-300x180.jpg 300w, https:\/\/www.macquero.com\/wp-content\/uploads\/2021\/10\/mac2-768x461.jpg 768w, https:\/\/www.macquero.com\/wp-content\/uploads\/2021\/10\/mac2-1536x922.jpg 1536w, https:\/\/www.macquero.com\/wp-content\/uploads\/2021\/10\/mac2-2048x1229.jpg 2048w, https:\/\/www.macquero.com\/wp-content\/uploads\/2021\/10\/mac2-18x12.jpg 18w\" sizes=\"auto, (max-width: 940px) 100vw, 940px\" \/><figcaption>\u00c1rea oficial de Apps, art\u00edculos de opini\u00f3n y otros temas de inter\u00e9s de la marca Apple.<\/figcaption><\/figure>\n\n\n\n<h3 class=\"wp-block-heading\">A\u00f1adidos en desarrollo<\/h3>\n\n\n\n<p>La nueva secci\u00f3n de (<strong>Repositorio)<\/strong>. A\u00fan en desarrollo, se actualizar\u00e1 de manera independiente. Y las noticias de nuevos feeds relacionados se mostrar\u00e1n estrat\u00e9gicamente en otros puntos de la web. Hemos separado los contenidos en diferentes secciones (p\u00e1ginas y categor\u00edas) para que dispongas qu\u00e9 temas te interesan mirar desde un solo lugar.<\/p>\n\n\n\n<p>Gracias por permitirnos contar contigo.<\/p>","protected":false},"excerpt":{"rendered":"<p>Hemos a\u00f1adido de manera oficial, nuevas secciones a nuestra oferta de servicios: Netflix, qu\u00e9 rentar en Apple TV? Son algunas de las novedades que se encuentran activas. A parte de nuestra recomendaci\u00f3n de pel\u00edculas para comprar o rentar pel\u00edculas en la App del Apple TV. La categorizaci\u00f3n de temas centralizados en NETFLIX ya exist\u00eda desde &hellip;<\/p>","protected":false},"author":2,"featured_media":14438,"comment_status":"closed","ping_status":"closed","sticky":false,"template":"","format":"standard","meta":{"jetpack_post_was_ever_published":false,"_jetpack_newsletter_access":"","_jetpack_dont_email_post_to_subs":false,"_jetpack_newsletter_tier_id":0,"_jetpack_memberships_contains_paywalled_content":false,"_jetpack_memberships_contains_paid_content":false,"footnotes":"","jetpack_publicize_message":"","jetpack_publicize_feature_enabled":true,"jetpack_social_post_already_shared":true,"jetpack_social_options":{"image_generator_settings":{"template":"highway","default_image_id":0,"font":"","enabled":false},"version":2}},"categories":[1008],"tags":[286],"class_list":["post-7222","post","type-post","status-publish","format-standard","has-post-thumbnail","hentry","category-transmediatics","tag-novedades"],"jetpack_publicize_connections":[],"jetpack_featured_media_url":"https:\/\/www.macquero.com\/wp-content\/uploads\/2019\/04\/pelicu.jpg","jetpack_sharing_enabled":true,"_links":{"self":[{"href":"https:\/\/www.macquero.com\/en\/wp-json\/wp\/v2\/posts\/7222","targetHints":{"allow":["GET"]}}],"collection":[{"href":"https:\/\/www.macquero.com\/en\/wp-json\/wp\/v2\/posts"}],"about":[{"href":"https:\/\/www.macquero.com\/en\/wp-json\/wp\/v2\/types\/post"}],"author":[{"embeddable":true,"href":"https:\/\/www.macquero.com\/en\/wp-json\/wp\/v2\/users\/2"}],"replies":[{"embeddable":true,"href":"https:\/\/www.macquero.com\/en\/wp-json\/wp\/v2\/comments?post=7222"}],"version-history":[{"count":11,"href":"https:\/\/www.macquero.com\/en\/wp-json\/wp\/v2\/posts\/7222\/revisions"}],"predecessor-version":[{"id":14452,"href":"https:\/\/www.macquero.com\/en\/wp-json\/wp\/v2\/posts\/7222\/revisions\/14452"}],"wp:featuredmedia":[{"embeddable":true,"href":"https:\/\/www.macquero.com\/en\/wp-json\/wp\/v2\/media\/14438"}],"wp:attachment":[{"href":"https:\/\/www.macquero.com\/en\/wp-json\/wp\/v2\/media?parent=7222"}],"wp:term":[{"taxonomy":"category","embeddable":true,"href":"https:\/\/www.macquero.com\/en\/wp-json\/wp\/v2\/categories?post=7222"},{"taxonomy":"post_tag","embeddable":true,"href":"https:\/\/www.macquero.com\/en\/wp-json\/wp\/v2\/tags?post=7222"}],"curies":[{"name":"wp","href":"https:\/\/api.w.org\/{rel}","templated":true}]}}