{"id":7057,"date":"2019-04-05T14:21:59","date_gmt":"2019-04-05T19:21:59","guid":{"rendered":"http:\/\/www.macquero.com\/?p=7057"},"modified":"2019-06-16T10:06:07","modified_gmt":"2019-06-16T15:06:07","slug":"opinion-glass-es-posible-que-mi-resena-contenga-alguna-clase-de-spoiler-lo-dejo-a-tu-consideracion-disponible-en-el-itunes-store-a-partir-del-24-de-abril","status":"publish","type":"post","link":"https:\/\/www.macquero.com\/en\/2019\/04\/opinion-glass-es-posible-que-mi-resena-contenga-alguna-clase-de-spoiler-lo-dejo-a-tu-consideracion-disponible-en-el-itunes-store-a-partir-del-24-de-abril\/","title":{"rendered":"Opini\u00f3n: Glass (es posible que mi rese\u00f1a contenga alguna clase de spoiler). Lo dej\u00f3 a tu consideraci\u00f3n. Disponible en el iTunes Store a partir del 24 de abril."},"content":{"rendered":"<p>El director del film M. Night Shyamalan &#8211; Glass une a las estrellas Samuel L. Jackson, Bruce Willis y James McAvoy de pel\u00edculas anteriores en una secuela sobrenatural sin sentido.<\/p>\n\n\n\n<p>Conformado como el final de una trilog\u00eda que solo existe por dos minutos seguidos al final de&nbsp;Split,&nbsp;<em>Glass<\/em>&nbsp;une al personaje principal de esa pel\u00edcula, un asesino con m\u00faltiples personalidades (James McAvoy), con el pseudo-superh\u00e9roe David (Bruce Willis) y el super villano Sr. Glass (Samuel L. Jackson) de&nbsp;<em>Unbreakable<\/em>.<\/p>\n\n\n\n<h2 class=\"wp-block-heading\">Argumentaci\u00f3n<\/h2>\n\n\n\n<p>De manera argumentativa: la mayor parte de&nbsp;<em>Glass<\/em>&nbsp;se encuentra en un asilo de alta seguridad para los delincuentes criminales.&nbsp;Es aqu\u00ed donde la formidable psiquiatra Ellie Staple (Sarah Paulson) ha encerrado a Crumb, Dunn y Glass.&nbsp;Ella est\u00e1 tratando de curar sus &#8220;delirios de grandeza&#8221;.<\/p>\n\n\n\n<p>Staple cree que sus tres reclusos se han convencido a s\u00ed mismos de que tienen dones especiales, como &#8220;algo salido de un libro de historietas&#8221;, cuando en realidad solo son personas comunes que tratan de escapar de la miseria de su vida cotidiana.<\/p>\n\n\n\n<p><strong>En s\u00edntesis<\/strong>: Kevin, bajo su disfraz, como &#8220;la Bestia&#8221; se convierte en una figura ondulante, como Hulk, que puede subir a los techos.&nbsp;David, cuando est\u00e1 en modo Supervisor, posee poderes similares, mientras que Elijah exhibe una inteligencia y memoria sobrenaturales.<\/p>\n\n\n\n<figure class=\"wp-block-embed-youtube wp-block-embed is-type-video is-provider-youtube wp-embed-aspect-16-9 wp-has-aspect-ratio\"><div class=\"wp-block-embed__wrapper\">\n<span class=\"embed-youtube\" style=\"text-align:center; display: block;\"><iframe loading=\"lazy\" class=\"youtube-player\" width=\"640\" height=\"360\" src=\"https:\/\/www.youtube.com\/embed\/95ghQs5AmNk?version=3&#038;rel=1&#038;showsearch=0&#038;showinfo=1&#038;iv_load_policy=1&#038;fs=1&#038;hl=en-US&#038;autohide=2&#038;wmode=transparent\" allowfullscreen=\"true\" style=\"border:0;\" sandbox=\"allow-scripts allow-same-origin allow-popups allow-presentation allow-popups-to-escape-sandbox\"><\/iframe><\/span>\n<\/div><figcaption><strong>Official Trailer<\/strong><\/figcaption><\/figure>\n\n\n\n<blockquote class=\"wp-block-quote is-layout-flow wp-block-quote-is-layout-flow\"><p>La pel\u00edcula est\u00e1 cargada de una energ\u00eda qu\u00e9 en lo personal contrasto con la realidad que vivo en la actualidad, (lo que significa que te mantiene en estado de alerta). El hospital Raven Hill Memorial tiene algunos trucos inventivos dise\u00f1ados para mantener a los espectadores&nbsp;en vilo y a la expectativa.<\/p><p><\/p><\/blockquote>\n\n\n\n<h2 class=\"wp-block-heading\">Opini\u00f3n<\/h2>\n\n\n\n<p>No estoy seguro si la volver\u00eda a ver, tengo que decir: menos mal la vi de d\u00eda, quiz\u00e1s deba a\u00f1adir: tampoco soy fan de est\u00e9 g\u00e9nero, pero, en mi opini\u00f3n no es lo mejor que he visto, sin embargo es muy interesante por el argumento representativo psicol\u00f3gico de cada uno de sus personajes.<\/p>\n\n\n\n<figure class=\"wp-block-embed-youtube wp-block-embed is-type-video is-provider-youtube wp-embed-aspect-16-9 wp-has-aspect-ratio\"><div class=\"wp-block-embed__wrapper\">\n<span class=\"embed-youtube\" style=\"text-align:center; display: block;\"><iframe loading=\"lazy\" class=\"youtube-player\" width=\"640\" height=\"360\" src=\"https:\/\/www.youtube.com\/embed\/Q7ztHi9ejp4?version=3&#038;rel=1&#038;showsearch=0&#038;showinfo=1&#038;iv_load_policy=1&#038;fs=1&#038;hl=en-US&#038;autohide=2&#038;wmode=transparent\" allowfullscreen=\"true\" style=\"border:0;\" sandbox=\"allow-scripts allow-same-origin allow-popups allow-presentation allow-popups-to-escape-sandbox\"><\/iframe><\/span>\n<\/div><figcaption><strong>Official Trailer<\/strong><\/figcaption><\/figure>\n\n\n\n<p><strong>Aunque las actuaciones son estelares<\/strong>, la trama es bastante enredada, y cuesta un poco asimilar la transici\u00f3n entre una escena y la siguiente.<\/p>\n\n\n\n<p>\u00bfQu\u00e9 si la recomiendo?, la verdad a mi no me encant\u00f3, pero no por eso es una mala pel\u00edcula, te dej\u00f3 a ti, ser el juez.<\/p>\n\n\n\n<h2 class=\"wp-block-heading\">Disponibilidad<\/h2>\n\n\n\n<p>La pel\u00edcula ya est\u00e1 disponible en el <a href=\"https:\/\/itunes.apple.com\/us\/movie\/glass\/id1448552245 \">store americano<\/a>. Pero si vives en M\u00e9xico, quiz\u00e1s debas saber que <a rel=\"noreferrer noopener\" aria-label=\"la pel\u00edcula (opens in a new tab)\" href=\"https:\/\/itunes.apple.com\/mx\/movie\/glass\/id1448337031\" target=\"_blank\">la pel\u00edcula<\/a>, llegar\u00e1 a partir del 24 de abril, y para disfrutarla debes solicitarla, para que llegue a tus manos en la fecha.<\/p>","protected":false},"excerpt":{"rendered":"<p>El director del film M. Night Shyamalan &#8211; Glass une a las estrellas Samuel L. Jackson, Bruce Willis y James McAvoy de pel\u00edculas anteriores en una secuela sobrenatural sin sentido. Conformado como el final de una trilog\u00eda que solo existe por dos minutos seguidos al final de&nbsp;Split,&nbsp;Glass&nbsp;une al personaje principal de esa pel\u00edcula, un asesino &hellip;<\/p>","protected":false},"author":2,"featured_media":7065,"comment_status":"closed","ping_status":"closed","sticky":false,"template":"","format":"standard","meta":{"jetpack_post_was_ever_published":false,"_jetpack_newsletter_access":"","_jetpack_dont_email_post_to_subs":false,"_jetpack_newsletter_tier_id":0,"_jetpack_memberships_contains_paywalled_content":false,"_jetpack_memberships_contains_paid_content":false,"footnotes":"","jetpack_publicize_message":"","jetpack_publicize_feature_enabled":true,"jetpack_social_post_already_shared":true,"jetpack_social_options":{"image_generator_settings":{"template":"highway","default_image_id":0,"font":"","enabled":false},"version":2}},"categories":[685,692],"tags":[764,432],"class_list":["post-7057","post","type-post","status-publish","format-standard","has-post-thumbnail","hentry","category-cine","category-thriller","tag-drama-psicologico","tag-suspenso"],"jetpack_publicize_connections":[],"jetpack_featured_media_url":"https:\/\/www.macquero.com\/wp-content\/uploads\/2019\/04\/www.macquero.com-opinion-glass-es-posible-que-mi-resena-contenga-alguna-clase-de-spoiler-lo-dejo-a-tu-consideracion-disponible-en-el-itunes-store-a-partir-del-24-de-abril-2.png","jetpack_sharing_enabled":false,"_links":{"self":[{"href":"https:\/\/www.macquero.com\/en\/wp-json\/wp\/v2\/posts\/7057","targetHints":{"allow":["GET"]}}],"collection":[{"href":"https:\/\/www.macquero.com\/en\/wp-json\/wp\/v2\/posts"}],"about":[{"href":"https:\/\/www.macquero.com\/en\/wp-json\/wp\/v2\/types\/post"}],"author":[{"embeddable":true,"href":"https:\/\/www.macquero.com\/en\/wp-json\/wp\/v2\/users\/2"}],"replies":[{"embeddable":true,"href":"https:\/\/www.macquero.com\/en\/wp-json\/wp\/v2\/comments?post=7057"}],"version-history":[{"count":9,"href":"https:\/\/www.macquero.com\/en\/wp-json\/wp\/v2\/posts\/7057\/revisions"}],"predecessor-version":[{"id":7069,"href":"https:\/\/www.macquero.com\/en\/wp-json\/wp\/v2\/posts\/7057\/revisions\/7069"}],"wp:featuredmedia":[{"embeddable":true,"href":"https:\/\/www.macquero.com\/en\/wp-json\/wp\/v2\/media\/7065"}],"wp:attachment":[{"href":"https:\/\/www.macquero.com\/en\/wp-json\/wp\/v2\/media?parent=7057"}],"wp:term":[{"taxonomy":"category","embeddable":true,"href":"https:\/\/www.macquero.com\/en\/wp-json\/wp\/v2\/categories?post=7057"},{"taxonomy":"post_tag","embeddable":true,"href":"https:\/\/www.macquero.com\/en\/wp-json\/wp\/v2\/tags?post=7057"}],"curies":[{"name":"wp","href":"https:\/\/api.w.org\/{rel}","templated":true}]}}