{"id":6802,"date":"2019-02-24T01:40:56","date_gmt":"2019-02-24T06:40:56","guid":{"rendered":"http:\/\/www.macquero.com\/?p=6802"},"modified":"2019-02-24T01:43:01","modified_gmt":"2019-02-24T06:43:01","slug":"descarga-adobe-capture-cc-disponible-de-manera-gratuita-en-el-app-store-pensada-para-ipad-pro","status":"publish","type":"post","link":"https:\/\/www.macquero.com\/en\/2019\/02\/descarga-adobe-capture-cc-disponible-de-manera-gratuita-en-el-app-store-pensada-para-ipad-pro\/","title":{"rendered":"Descarga: Adobe Capture CC, disponible de manera gratuita en el App Store, pensada para iPad Pro"},"content":{"rendered":"<p>Esta app te permite crear temas de color, patrones, formas basadas en vectores, materiales 3D, fuentes y pinceles personalizados, listos para producci\u00f3n, todo ello a partir de una sola foto. <\/p>\n\n\n\n<p>La idea consiste en el espacio creativo transformado en inspiraci\u00f3n, para poder compartirla y usarla en tus aplicaciones favoritas de Adobe de escritorio o m\u00f3viles.<\/p>\n\n\n\n<figure class=\"wp-block-embed-youtube wp-block-embed is-type-video is-provider-youtube wp-embed-aspect-16-9 wp-has-aspect-ratio\"><div class=\"wp-block-embed__wrapper\">\n<span class=\"embed-youtube\" style=\"text-align:center; display: block;\"><iframe loading=\"lazy\" class=\"youtube-player\" width=\"640\" height=\"360\" src=\"https:\/\/www.youtube.com\/embed\/FNclcwqkn7A?version=3&#038;rel=1&#038;showsearch=0&#038;showinfo=1&#038;iv_load_policy=1&#038;fs=1&#038;hl=en-US&#038;autohide=2&#038;wmode=transparent\" allowfullscreen=\"true\" style=\"border:0;\" sandbox=\"allow-scripts allow-same-origin allow-popups allow-presentation allow-popups-to-escape-sandbox\"><\/iframe><\/span>\n<\/div><figcaption>Tutorial oficial desde Adobe en <a href=\"https:\/\/www.youtube.com\/user\/AdobeCreativeCloud\" target=\"_blank\" rel=\"noreferrer noopener\" aria-label=\"YouTube (opens in a new tab)\">YouTube<\/a><\/figcaption><\/figure>\n\n\n\n<p>Es interesante destacar: El tipo de activo de Capture determina la aplicaci\u00f3n de escritorio y\/o dispositivos m\u00f3viles en la que se puede usar el activo. <\/p>\n\n\n\n<p>La aplicaci\u00f3n esta ofrecida de manera gratuita en el <a href=\"https:\/\/itunes.apple.com\/mx\/app\/adobe-capture-cc\/id1040200189?mt=8\" target=\"_blank\" rel=\"noreferrer noopener\" aria-label=\"App Store (opens in a new tab)\">App Store<\/a>, sin embargo tiene compras dentro del app.<\/p>","protected":false},"excerpt":{"rendered":"<p>Esta app te permite crear temas de color, patrones, formas basadas en vectores, materiales 3D, fuentes y pinceles personalizados, listos para producci\u00f3n, todo ello a partir de una sola foto. La idea consiste en el espacio creativo transformado en inspiraci\u00f3n, para poder compartirla y usarla en tus aplicaciones favoritas de Adobe de escritorio o m\u00f3viles. &hellip;<\/p>","protected":false},"author":2,"featured_media":6807,"comment_status":"closed","ping_status":"closed","sticky":false,"template":"","format":"standard","meta":{"jetpack_post_was_ever_published":false,"_jetpack_newsletter_access":"","_jetpack_dont_email_post_to_subs":false,"_jetpack_newsletter_tier_id":0,"_jetpack_memberships_contains_paywalled_content":false,"_jetpack_memberships_contains_paid_content":false,"footnotes":"","jetpack_publicize_message":"","jetpack_publicize_feature_enabled":true,"jetpack_social_post_already_shared":true,"jetpack_social_options":{"image_generator_settings":{"template":"highway","default_image_id":0,"font":"","enabled":false},"version":2}},"categories":[46,117],"tags":[],"class_list":["post-6802","post","type-post","status-publish","format-standard","has-post-thumbnail","hentry","category-apps","category-ipad"],"jetpack_publicize_connections":[],"jetpack_featured_media_url":"https:\/\/www.macquero.com\/wp-content\/uploads\/2019\/02\/www.macquero.com-descarga-adobe-capture-cc-disponible-de-manera-gratuita-en-el-app-store-pensada-para-ipad-pro-captura-de-pantalla-2019-02-24-a-las-2.30.12-a.-m..png","jetpack_sharing_enabled":false,"_links":{"self":[{"href":"https:\/\/www.macquero.com\/en\/wp-json\/wp\/v2\/posts\/6802","targetHints":{"allow":["GET"]}}],"collection":[{"href":"https:\/\/www.macquero.com\/en\/wp-json\/wp\/v2\/posts"}],"about":[{"href":"https:\/\/www.macquero.com\/en\/wp-json\/wp\/v2\/types\/post"}],"author":[{"embeddable":true,"href":"https:\/\/www.macquero.com\/en\/wp-json\/wp\/v2\/users\/2"}],"replies":[{"embeddable":true,"href":"https:\/\/www.macquero.com\/en\/wp-json\/wp\/v2\/comments?post=6802"}],"version-history":[{"count":4,"href":"https:\/\/www.macquero.com\/en\/wp-json\/wp\/v2\/posts\/6802\/revisions"}],"predecessor-version":[{"id":6808,"href":"https:\/\/www.macquero.com\/en\/wp-json\/wp\/v2\/posts\/6802\/revisions\/6808"}],"wp:featuredmedia":[{"embeddable":true,"href":"https:\/\/www.macquero.com\/en\/wp-json\/wp\/v2\/media\/6807"}],"wp:attachment":[{"href":"https:\/\/www.macquero.com\/en\/wp-json\/wp\/v2\/media?parent=6802"}],"wp:term":[{"taxonomy":"category","embeddable":true,"href":"https:\/\/www.macquero.com\/en\/wp-json\/wp\/v2\/categories?post=6802"},{"taxonomy":"post_tag","embeddable":true,"href":"https:\/\/www.macquero.com\/en\/wp-json\/wp\/v2\/tags?post=6802"}],"curies":[{"name":"wp","href":"https:\/\/api.w.org\/{rel}","templated":true}]}}