{"id":5734,"date":"2019-01-26T01:38:24","date_gmt":"2019-01-26T06:38:24","guid":{"rendered":"http:\/\/www.macquero.com\/?p=5734"},"modified":"2019-08-19T15:22:12","modified_gmt":"2019-08-19T20:22:12","slug":"opinion-dr-seuss-the-grinch-resena-sin-spoiler-disponible-en-itunes","status":"publish","type":"post","link":"https:\/\/www.macquero.com\/en\/2019\/01\/opinion-dr-seuss-the-grinch-resena-sin-spoiler-disponible-en-itunes\/","title":{"rendered":"Opini\u00f3n: Dr. Seuss&#8217; the Grinch, rese\u00f1a sin spoiler, disponible en iTunes."},"content":{"rendered":"<p><span class=\"\">Universal \/ Comcast Corp. Lanz\u00f3&nbsp;<\/span><span class=\"\">The Grinch<\/span><span class=\"\">&nbsp;el pasado 9 de noviembre,&nbsp;<\/span><span class=\"\">el m\u00e1s reciente Illumination toon. El film es exactamente lo que promete. Una adaptaci\u00f3n animada de 80 minutos de la amada historia corta del Dr. Seuss.&nbsp;<span class=\"goog-text-highlight\">Es magn\u00edficamente animada y notablemente menos fren\u00e9tica, (u voluntariamente menos desagradable) que la pel\u00edcula de acci\u00f3n <a href=\"https:\/\/www.imdb.com\/title\/tt0170016\/\" target=\"_blank\" rel=\"noopener\">en vivo del 2000<\/a>.<\/span><\/span><\/p>\n<h2>Opini\u00f3n y an\u00e1lisis<\/h2>\n<p>Siento que la vendieron muy bien en los distintos trailers, y fuimos capaces de ver un personaje&nbsp;<span class=\"\">inofensivo y ocasionalmente atractivo, pero en su mayor\u00eda no se justifica como un entretenimiento de nominaci\u00f3n para alg\u00fan premio de ovaci\u00f3n. Tiene sin duda peque\u00f1os momentos de risas dentro de varias escenas (indiscutibles), y una personalidad que refleja todo su descaro y cinismo. <span style=\"color: #ffffff;\">En mi opini\u00f3n sin duda&nbsp;<\/span><\/span><span style=\"color: #ffffff;\">divertir\u00e1 a los ni\u00f1os<\/span>, pero siento qu\u00e9 le falt\u00f3 algo.<\/p>\n<p><span class=\"embed-youtube\" style=\"text-align:center; display: block;\"><iframe loading=\"lazy\" class=\"youtube-player\" width=\"640\" height=\"360\" src=\"https:\/\/www.youtube.com\/embed\/vjnqABgxfO0?version=3&#038;rel=1&#038;showsearch=0&#038;showinfo=1&#038;iv_load_policy=1&#038;fs=1&#038;hl=en-US&#038;autohide=2&#038;wmode=transparent\" allowfullscreen=\"true\" style=\"border:0;\" sandbox=\"allow-scripts allow-same-origin allow-popups allow-presentation allow-popups-to-escape-sandbox\"><\/iframe><\/span><\/p>\n<p><span style=\"color: #ffffff;\">El concepto gr\u00e1fico es incre\u00edble<\/span>, no tengo ninguna queja,&nbsp;es hermoso desde la cabeza hasta los pies, con colores ricos y vibrantes y una exuberante sensibilidad visual que se aproxima a una caracter\u00edstica animada en 2D de la vieja escuela, dentro del reino de la animaci\u00f3n por computadora de hoy en d\u00eda.<\/p>\n<p>Contrariamente, a mi opini\u00f3n,&nbsp;<span class=\"\">el argumento de la nueva versi\u00f3n &#8220;The Grinch&#8221; es bastante s\u00f3lido para las fechas. Sin embargo, yo esperaba m\u00e1s. Pero, desde luego, quiz\u00e1s tu opini\u00f3n sea diferente a la m\u00eda. Quiz\u00e1s loa a\u00f1os me est\u00e1n pegando. (Risas).<\/span><\/p>\n<p>Curiosamente no la encontr\u00e9 en el store de M\u00e9xico, pero si tienes cuenta en la tienda americana, podr\u00e1s disfrutarla el fin de semana.<\/p>\n<p><a href=\"https:\/\/itunes.apple.com\/us\/movie\/illumination-presents-dr-seuss-the-grinch\/id1440401528?l=es\" target=\"_blank\" rel=\"noopener\">https:\/\/itunes.apple.com\/us\/movie\/illumination-presents-dr-seuss-the-grinch\/id1440401528?l=es<\/a><\/p>\n<p><span class=\"\">Posiblemente, te preguntes: \u00bfpor qu\u00e9 hacer la rese\u00f1a en enero?, pues no estaba muy convencido de verla antes, generalmente en est\u00e9 tipo de g\u00e9nero, solemos ver las mejores partes de la pel\u00edcula encapsuladas en los trailers y no me equivoque en mi apreciaci\u00f3n. Sin embargo, queda de tu parte, si te animas a verla o no.&nbsp;&nbsp;<\/span><\/p>","protected":false},"excerpt":{"rendered":"<p>Universal \/ Comcast Corp. Lanz\u00f3&nbsp;The Grinch&nbsp;el pasado 9 de noviembre,&nbsp;el m\u00e1s reciente Illumination toon. El film es exactamente lo que promete. Una adaptaci\u00f3n animada de 80 minutos de la amada historia corta del Dr. Seuss.&nbsp;Es magn\u00edficamente animada y notablemente menos fren\u00e9tica, (u voluntariamente menos desagradable) que la pel\u00edcula de acci\u00f3n en vivo del 2000. Opini\u00f3n &hellip;<\/p>","protected":false},"author":2,"featured_media":5736,"comment_status":"closed","ping_status":"closed","sticky":false,"template":"","format":"standard","meta":{"jetpack_post_was_ever_published":false,"_jetpack_newsletter_access":"","_jetpack_dont_email_post_to_subs":false,"_jetpack_newsletter_tier_id":0,"_jetpack_memberships_contains_paywalled_content":false,"_jetpack_memberships_contains_paid_content":false,"footnotes":"","jetpack_publicize_message":"","jetpack_publicize_feature_enabled":true,"jetpack_social_post_already_shared":true,"jetpack_social_options":{"image_generator_settings":{"template":"highway","default_image_id":0,"font":"","enabled":false},"version":2}},"categories":[685,686],"tags":[683,303],"class_list":["post-5734","post","type-post","status-publish","format-standard","has-post-thumbnail","hentry","category-cine","category-para-toda-la-familia","tag-comedia","tag-drama"],"jetpack_publicize_connections":[],"jetpack_featured_media_url":"https:\/\/www.macquero.com\/wp-content\/uploads\/2019\/01\/Captura-de-pantalla-2019-01-26-a-las-2.32.22-a.-m..png","jetpack_sharing_enabled":true,"_links":{"self":[{"href":"https:\/\/www.macquero.com\/en\/wp-json\/wp\/v2\/posts\/5734","targetHints":{"allow":["GET"]}}],"collection":[{"href":"https:\/\/www.macquero.com\/en\/wp-json\/wp\/v2\/posts"}],"about":[{"href":"https:\/\/www.macquero.com\/en\/wp-json\/wp\/v2\/types\/post"}],"author":[{"embeddable":true,"href":"https:\/\/www.macquero.com\/en\/wp-json\/wp\/v2\/users\/2"}],"replies":[{"embeddable":true,"href":"https:\/\/www.macquero.com\/en\/wp-json\/wp\/v2\/comments?post=5734"}],"version-history":[{"count":3,"href":"https:\/\/www.macquero.com\/en\/wp-json\/wp\/v2\/posts\/5734\/revisions"}],"predecessor-version":[{"id":6016,"href":"https:\/\/www.macquero.com\/en\/wp-json\/wp\/v2\/posts\/5734\/revisions\/6016"}],"wp:featuredmedia":[{"embeddable":true,"href":"https:\/\/www.macquero.com\/en\/wp-json\/wp\/v2\/media\/5736"}],"wp:attachment":[{"href":"https:\/\/www.macquero.com\/en\/wp-json\/wp\/v2\/media?parent=5734"}],"wp:term":[{"taxonomy":"category","embeddable":true,"href":"https:\/\/www.macquero.com\/en\/wp-json\/wp\/v2\/categories?post=5734"},{"taxonomy":"post_tag","embeddable":true,"href":"https:\/\/www.macquero.com\/en\/wp-json\/wp\/v2\/tags?post=5734"}],"curies":[{"name":"wp","href":"https:\/\/api.w.org\/{rel}","templated":true}]}}