{"id":5644,"date":"2018-12-29T00:01:55","date_gmt":"2018-12-29T05:01:55","guid":{"rendered":"http:\/\/www.macquero.com\/?p=5644"},"modified":"2019-08-19T15:24:16","modified_gmt":"2019-08-19T20:24:16","slug":"algunas-novedades-en-mojave","status":"publish","type":"post","link":"https:\/\/www.macquero.com\/en\/2018\/12\/algunas-novedades-en-mojave\/","title":{"rendered":"Algunas novedades en Mojave"},"content":{"rendered":"<p>Si eres un usuario afortunado y te encuentras en Mojave, probablemente no has dado con esos detalles que se encuentran ocultos, as\u00ed que hoy te hablar\u00e9 de varias cositas, que pueden ser de tu inter\u00e9s.<\/p>\n<h3><span style=\"color: #ffffff;\"><span class=\"goog-text-highlight\">Las actualizaciones del software para MacOS se encuentran en Configuraci\u00f3n<\/span><\/span><\/h3>\n<p>Las actualizaciones de MacOS han llegado a trav\u00e9s de la Mac App Store durante los \u00faltimos a\u00f1os. En Mojave actualmente podremos ver actualizaciones cr\u00edticas&nbsp;desde un&nbsp;<span class=\"goog-text-highlight\">nuevo panel en Preferencias del sistema, que para mucha gente, tendr\u00e1 m\u00e1s sentido.<\/span><\/p>\n<p><span class=\"goog-text-highlight\"><img loading=\"lazy\" decoding=\"async\" class=\"aligncenter size-large wp-image-5645\" src=\"\/wp-content\/uploads\/2018\/12\/Captura-de-pantalla-2018-12-29-a-las-12.31.23-a.-m.-940x389.png\" alt=\"\" width=\"940\" height=\"389\" srcset=\"https:\/\/www.macquero.com\/wp-content\/uploads\/2018\/12\/Captura-de-pantalla-2018-12-29-a-las-12.31.23-a.-m.-940x389.png 940w, https:\/\/www.macquero.com\/wp-content\/uploads\/2018\/12\/Captura-de-pantalla-2018-12-29-a-las-12.31.23-a.-m.-300x124.png 300w, https:\/\/www.macquero.com\/wp-content\/uploads\/2018\/12\/Captura-de-pantalla-2018-12-29-a-las-12.31.23-a.-m.-620x257.png 620w, https:\/\/www.macquero.com\/wp-content\/uploads\/2018\/12\/Captura-de-pantalla-2018-12-29-a-las-12.31.23-a.-m.-768x318.png 768w, https:\/\/www.macquero.com\/wp-content\/uploads\/2018\/12\/Captura-de-pantalla-2018-12-29-a-las-12.31.23-a.-m.-770x319.png 770w, https:\/\/www.macquero.com\/wp-content\/uploads\/2018\/12\/Captura-de-pantalla-2018-12-29-a-las-12.31.23-a.-m..png 1195w\" sizes=\"auto, (max-width: 940px) 100vw, 940px\" \/><\/span><\/p>\n<h3><span style=\"color: #ffffff;\"><span class=\"\">Favicons en Safari<\/span><\/span><\/h3>\n<p><span class=\"goog-text-highlight\">Dej\u00e9 de usar Safari, hace mucho. Era mi navegador principal. Encontr\u00e9 en Chrome mucho m\u00e1s. Sin embargo para quienes s\u00ed lo siguen utilizando.&nbsp;<\/span><\/p>\n<p><span class=\"goog-text-highlight\"><span class=\"\">Apple finalmente ha agregado soporte para safari, en las pesta\u00f1as del navegador en Mojave.&nbsp;<\/span><\/span><\/p>\n<p><span class=\"goog-text-highlight\">A pesar de que Apple llega tarde al juego con la implementaci\u00f3n de este soporte, los usuarios interesados \u200b\u200bdeber\u00e1n habilitarlo.&nbsp;Tambi\u00e9n est\u00e1 oculto en las Preferencias de Safari.&nbsp;<\/span><\/p>\n<p><img loading=\"lazy\" decoding=\"async\" class=\"aligncenter size-large wp-image-5646\" src=\"\/wp-content\/uploads\/2018\/12\/Captura-de-pantalla-2018-12-29-a-las-12.38.17-a.-m.-940x387.png\" alt=\"\" width=\"940\" height=\"387\" srcset=\"https:\/\/www.macquero.com\/wp-content\/uploads\/2018\/12\/Captura-de-pantalla-2018-12-29-a-las-12.38.17-a.-m.-940x387.png 940w, https:\/\/www.macquero.com\/wp-content\/uploads\/2018\/12\/Captura-de-pantalla-2018-12-29-a-las-12.38.17-a.-m.-300x123.png 300w, https:\/\/www.macquero.com\/wp-content\/uploads\/2018\/12\/Captura-de-pantalla-2018-12-29-a-las-12.38.17-a.-m.-620x255.png 620w, https:\/\/www.macquero.com\/wp-content\/uploads\/2018\/12\/Captura-de-pantalla-2018-12-29-a-las-12.38.17-a.-m.-768x316.png 768w, https:\/\/www.macquero.com\/wp-content\/uploads\/2018\/12\/Captura-de-pantalla-2018-12-29-a-las-12.38.17-a.-m.-770x317.png 770w, https:\/\/www.macquero.com\/wp-content\/uploads\/2018\/12\/Captura-de-pantalla-2018-12-29-a-las-12.38.17-a.-m..png 1188w\" sizes=\"auto, (max-width: 940px) 100vw, 940px\" \/><\/p>\n<p><span class=\"\">Dir\u00edgete a las preferencias en Safari, clic <span style=\"color: #ffffff;\">en Pesta\u00f1as y activa &#8220;Mostrar \u00edconos del sitio web en pesta\u00f1as&#8221;.&nbsp;<\/span><\/span><\/p>\n<h3><span style=\"color: #ffffff;\"><span class=\"\">M\u00e1s control sobre los permisos<\/span><\/span><\/h3>\n<p><span class=\"\">En las \u00faltimas versiones de iOS y macOS, Apple ha comenzado a aumentar la seguridad, tanto de forma imperceptible como a simple vista.&nbsp;<\/span><\/p>\n<div class=\"fb-quote fb_iframe_widget\"><img loading=\"lazy\" decoding=\"async\" class=\"aligncenter size-large wp-image-5647\" src=\"\/wp-content\/uploads\/2018\/12\/Captura-de-pantalla-2018-12-29-a-las-12.41.18-a.-m.-940x809.png\" alt=\"\" width=\"940\" height=\"809\" srcset=\"https:\/\/www.macquero.com\/wp-content\/uploads\/2018\/12\/Captura-de-pantalla-2018-12-29-a-las-12.41.18-a.-m.-940x809.png 940w, https:\/\/www.macquero.com\/wp-content\/uploads\/2018\/12\/Captura-de-pantalla-2018-12-29-a-las-12.41.18-a.-m.-300x258.png 300w, https:\/\/www.macquero.com\/wp-content\/uploads\/2018\/12\/Captura-de-pantalla-2018-12-29-a-las-12.41.18-a.-m.-620x534.png 620w, https:\/\/www.macquero.com\/wp-content\/uploads\/2018\/12\/Captura-de-pantalla-2018-12-29-a-las-12.41.18-a.-m.-768x661.png 768w, https:\/\/www.macquero.com\/wp-content\/uploads\/2018\/12\/Captura-de-pantalla-2018-12-29-a-las-12.41.18-a.-m.-770x663.png 770w, https:\/\/www.macquero.com\/wp-content\/uploads\/2018\/12\/Captura-de-pantalla-2018-12-29-a-las-12.41.18-a.-m..png 1195w\" sizes=\"auto, (max-width: 940px) 100vw, 940px\" \/><\/div>\n<p>Mojave permite el acceso individual de micr\u00f3fonos y c\u00e1maras, adem\u00e1s de permisos m\u00e1s granulares para aplicaciones en todos los sentidos.<\/p>\n<h3><span class=\"\">M\u00e1s colores<\/span><\/h3>\n<p>Probablemente esta sea la caracter\u00edstica menos importante a considerar, sin embargo se agradece.<\/p>\n<p><span class=\"\">Apple siempre ha permitido a los usuarios cambiar entre dos colores de acento dentro de macOS: <span style=\"color: #ffffff;\">grafito y azul.&nbsp;<\/span><\/span><\/p>\n<p><img loading=\"lazy\" decoding=\"async\" class=\"aligncenter size-large wp-image-5649\" src=\"\/wp-content\/uploads\/2018\/12\/Captura-de-pantalla-2018-12-29-a-las-12.52.25-a.-m.-940x955.png\" alt=\"\" width=\"940\" height=\"955\" srcset=\"https:\/\/www.macquero.com\/wp-content\/uploads\/2018\/12\/Captura-de-pantalla-2018-12-29-a-las-12.52.25-a.-m.-940x955.png 940w, https:\/\/www.macquero.com\/wp-content\/uploads\/2018\/12\/Captura-de-pantalla-2018-12-29-a-las-12.52.25-a.-m.-300x305.png 300w, https:\/\/www.macquero.com\/wp-content\/uploads\/2018\/12\/Captura-de-pantalla-2018-12-29-a-las-12.52.25-a.-m.-620x630.png 620w, https:\/\/www.macquero.com\/wp-content\/uploads\/2018\/12\/Captura-de-pantalla-2018-12-29-a-las-12.52.25-a.-m.-768x780.png 768w, https:\/\/www.macquero.com\/wp-content\/uploads\/2018\/12\/Captura-de-pantalla-2018-12-29-a-las-12.52.25-a.-m.-770x782.png 770w, https:\/\/www.macquero.com\/wp-content\/uploads\/2018\/12\/Captura-de-pantalla-2018-12-29-a-las-12.52.25-a.-m..png 1070w\" sizes=\"auto, (max-width: 940px) 100vw, 940px\" \/><\/p>\n<p>El acento es el color utilizado para elementos como el icono del men\u00fa desplegable, las casillas de verificaci\u00f3n y los botones.<\/p>\n<p>Para aquellos que realmente les gusta personalizar su experiencia de Mac, es una caracter\u00edstica muy agradable a considerar. En&nbsp;Mojave ahora podr\u00e1s personalizar ocho colores de acento.<\/p>\n<p><span class=\"\">Los nuevos que se unen al grafito original y el azul: son p\u00farpura, rosa, rojo, naranja, amarillo y <span style=\"color: #00ff00;\">verde<\/span>.<\/span><\/p>","protected":false},"excerpt":{"rendered":"<p>Si eres un usuario afortunado y te encuentras en Mojave, probablemente no has dado con esos detalles que se encuentran ocultos, as\u00ed que hoy te hablar\u00e9 de varias cositas, que pueden ser de tu inter\u00e9s. Las actualizaciones del software para MacOS se encuentran en Configuraci\u00f3n Las actualizaciones de MacOS han llegado a trav\u00e9s de la &hellip;<\/p>","protected":false},"author":2,"featured_media":5650,"comment_status":"closed","ping_status":"closed","sticky":false,"template":"","format":"standard","meta":{"jetpack_post_was_ever_published":false,"_jetpack_newsletter_access":"","_jetpack_dont_email_post_to_subs":false,"_jetpack_newsletter_tier_id":0,"_jetpack_memberships_contains_paywalled_content":false,"_jetpack_memberships_contains_paid_content":false,"footnotes":"","jetpack_publicize_message":"","jetpack_publicize_feature_enabled":true,"jetpack_social_post_already_shared":true,"jetpack_social_options":{"image_generator_settings":{"template":"highway","default_image_id":0,"font":"","enabled":false},"version":2}},"categories":[132],"tags":[],"class_list":["post-5644","post","type-post","status-publish","format-standard","has-post-thumbnail","hentry","category-noticias"],"jetpack_publicize_connections":[],"jetpack_featured_media_url":"https:\/\/www.macquero.com\/wp-content\/uploads\/2018\/12\/Captura-de-pantalla-2018-12-29-a-las-12.59.54-a.-m..png","jetpack_sharing_enabled":true,"_links":{"self":[{"href":"https:\/\/www.macquero.com\/en\/wp-json\/wp\/v2\/posts\/5644","targetHints":{"allow":["GET"]}}],"collection":[{"href":"https:\/\/www.macquero.com\/en\/wp-json\/wp\/v2\/posts"}],"about":[{"href":"https:\/\/www.macquero.com\/en\/wp-json\/wp\/v2\/types\/post"}],"author":[{"embeddable":true,"href":"https:\/\/www.macquero.com\/en\/wp-json\/wp\/v2\/users\/2"}],"replies":[{"embeddable":true,"href":"https:\/\/www.macquero.com\/en\/wp-json\/wp\/v2\/comments?post=5644"}],"version-history":[{"count":4,"href":"https:\/\/www.macquero.com\/en\/wp-json\/wp\/v2\/posts\/5644\/revisions"}],"predecessor-version":[{"id":5949,"href":"https:\/\/www.macquero.com\/en\/wp-json\/wp\/v2\/posts\/5644\/revisions\/5949"}],"wp:featuredmedia":[{"embeddable":true,"href":"https:\/\/www.macquero.com\/en\/wp-json\/wp\/v2\/media\/5650"}],"wp:attachment":[{"href":"https:\/\/www.macquero.com\/en\/wp-json\/wp\/v2\/media?parent=5644"}],"wp:term":[{"taxonomy":"category","embeddable":true,"href":"https:\/\/www.macquero.com\/en\/wp-json\/wp\/v2\/categories?post=5644"},{"taxonomy":"post_tag","embeddable":true,"href":"https:\/\/www.macquero.com\/en\/wp-json\/wp\/v2\/tags?post=5644"}],"curies":[{"name":"wp","href":"https:\/\/api.w.org\/{rel}","templated":true}]}}