{"id":5608,"date":"2018-12-19T03:48:51","date_gmt":"2018-12-19T08:48:51","guid":{"rendered":"http:\/\/www.macquero.com\/?p=5608"},"modified":"2019-08-19T15:24:59","modified_gmt":"2019-08-19T20:24:59","slug":"microsoft-actualiza-las-aplicaciones-de-office-para-mac-con-modo-obscuro","status":"publish","type":"post","link":"https:\/\/www.macquero.com\/en\/2018\/12\/microsoft-actualiza-las-aplicaciones-de-office-para-mac-con-modo-obscuro\/","title":{"rendered":"Microsoft actualiza las aplicaciones de Office para Mac con modo obscuro"},"content":{"rendered":"<p><span><span class=\"\">Microsoft ha\u00a0<\/span><\/span><span><span class=\"\">lanzado hoy una actualizaci\u00f3n<\/span><\/span><span><span class=\"\">\u00a0de su suite Office 365 para\u00a0<\/span><\/span><span><span class=\"\">Mac<\/span><\/span><span><span class=\"\">.\u00a0<\/span><span class=\"goog-text-highlight\">La actualizaci\u00f3n de estos d\u00edas trae compatibilidad total con la \u00faltima versi\u00f3n de macOS,\u00a0<\/span><\/span><span><span class=\"goog-text-highlight\">Mojave<\/span><\/span><span><span class=\"goog-text-highlight\">.\u00a0<\/span><\/span><\/p>\n<p><span><span class=\"\">Microsoft\u00a0<\/span><\/span><span><span class=\"\">dice que la<\/span><\/span><span><span class=\"\">\u00a0compatibilidad con el modo obscuro est\u00e1 disponible en Microsoft Word, Excel, Powerpoint y Outlook desde est\u00e9\u00a0 momento.\u00a0<\/span>Por supuesto, macOS Mojave se requiere y depende de la configuraci\u00f3n de apariencia del sistema.<\/span><\/p>\n<p>Es una buena noticia, para todos aquellos que disfrutan de esta suite.<\/p>\n<p>&nbsp;<\/p>","protected":false},"excerpt":{"rendered":"<p>Microsoft ha\u00a0lanzado hoy una actualizaci\u00f3n\u00a0de su suite Office 365 para\u00a0Mac.\u00a0La actualizaci\u00f3n de estos d\u00edas trae compatibilidad total con la \u00faltima versi\u00f3n de macOS,\u00a0Mojave.\u00a0 Microsoft\u00a0dice que la\u00a0compatibilidad con el modo obscuro est\u00e1 disponible en Microsoft Word, Excel, Powerpoint y Outlook desde est\u00e9\u00a0 momento.\u00a0Por supuesto, macOS Mojave se requiere y depende de la configuraci\u00f3n de apariencia del &hellip;<\/p>","protected":false},"author":2,"featured_media":5609,"comment_status":"closed","ping_status":"closed","sticky":false,"template":"","format":"standard","meta":{"jetpack_post_was_ever_published":false,"_jetpack_newsletter_access":"","_jetpack_dont_email_post_to_subs":false,"_jetpack_newsletter_tier_id":0,"_jetpack_memberships_contains_paywalled_content":false,"_jetpack_memberships_contains_paid_content":false,"footnotes":"","jetpack_publicize_message":"","jetpack_publicize_feature_enabled":true,"jetpack_social_post_already_shared":true,"jetpack_social_options":{"image_generator_settings":{"template":"highway","default_image_id":0,"font":"","enabled":false},"version":2}},"categories":[46],"tags":[],"class_list":["post-5608","post","type-post","status-publish","format-standard","has-post-thumbnail","hentry","category-apps"],"jetpack_publicize_connections":[],"jetpack_featured_media_url":"https:\/\/www.macquero.com\/wp-content\/uploads\/2018\/12\/Captura-de-pantalla-2018-12-19-a-las-4.40.07-a.-m..png","jetpack_sharing_enabled":true,"_links":{"self":[{"href":"https:\/\/www.macquero.com\/en\/wp-json\/wp\/v2\/posts\/5608","targetHints":{"allow":["GET"]}}],"collection":[{"href":"https:\/\/www.macquero.com\/en\/wp-json\/wp\/v2\/posts"}],"about":[{"href":"https:\/\/www.macquero.com\/en\/wp-json\/wp\/v2\/types\/post"}],"author":[{"embeddable":true,"href":"https:\/\/www.macquero.com\/en\/wp-json\/wp\/v2\/users\/2"}],"replies":[{"embeddable":true,"href":"https:\/\/www.macquero.com\/en\/wp-json\/wp\/v2\/comments?post=5608"}],"version-history":[{"count":1,"href":"https:\/\/www.macquero.com\/en\/wp-json\/wp\/v2\/posts\/5608\/revisions"}],"predecessor-version":[{"id":5610,"href":"https:\/\/www.macquero.com\/en\/wp-json\/wp\/v2\/posts\/5608\/revisions\/5610"}],"wp:featuredmedia":[{"embeddable":true,"href":"https:\/\/www.macquero.com\/en\/wp-json\/wp\/v2\/media\/5609"}],"wp:attachment":[{"href":"https:\/\/www.macquero.com\/en\/wp-json\/wp\/v2\/media?parent=5608"}],"wp:term":[{"taxonomy":"category","embeddable":true,"href":"https:\/\/www.macquero.com\/en\/wp-json\/wp\/v2\/categories?post=5608"},{"taxonomy":"post_tag","embeddable":true,"href":"https:\/\/www.macquero.com\/en\/wp-json\/wp\/v2\/tags?post=5608"}],"curies":[{"name":"wp","href":"https:\/\/api.w.org\/{rel}","templated":true}]}}