{"id":5510,"date":"2018-11-28T09:26:38","date_gmt":"2018-11-28T14:26:38","guid":{"rendered":"http:\/\/www.macquero.com\/?p=5510"},"modified":"2019-02-14T16:22:29","modified_gmt":"2019-02-14T21:22:29","slug":"things-3-se-actualiza-al-lado-obscuro","status":"publish","type":"post","link":"https:\/\/www.macquero.com\/en\/2018\/11\/things-3-se-actualiza-al-lado-obscuro\/","title":{"rendered":"Things 3 se actualiza al lado obscuro"},"content":{"rendered":"<p>Pues as\u00ed, van hacer algunas notitas est\u00e1 semana, muchas apps que conocemos se han actualizado, y s\u00f3lo proponen la a\u00f1adidura del modo obscuro como caracter\u00edstica.<\/p>\n<h1>Things 3<\/h1>\n<p>El desarrollador ha puesto de manifiesto a disposici\u00f3n un dise\u00f1o desde su blog oficial, con los cambios entre el modo ligero y el modo obscuro.<\/p>\n<p>\u00a1Luce incre\u00edble!<\/p>\n<p><a href=\"https:\/\/culturedcode.com\/things\/blog\/\" target=\"_blank\" rel=\"noopener\">https:\/\/culturedcode.com\/things\/blog\/<\/a><\/p>","protected":false},"excerpt":{"rendered":"<p>Pues as\u00ed, van hacer algunas notitas est\u00e1 semana, muchas apps que conocemos se han actualizado, y s\u00f3lo proponen la a\u00f1adidura del modo obscuro como caracter\u00edstica. Things 3 El desarrollador ha puesto de manifiesto a disposici\u00f3n un dise\u00f1o desde su blog oficial, con los cambios entre el modo ligero y el modo obscuro. \u00a1Luce incre\u00edble! https:\/\/culturedcode.com\/things\/blog\/<\/p>","protected":false},"author":2,"featured_media":5511,"comment_status":"open","ping_status":"open","sticky":false,"template":"","format":"standard","meta":{"jetpack_post_was_ever_published":false,"_jetpack_newsletter_access":"","_jetpack_dont_email_post_to_subs":false,"_jetpack_newsletter_tier_id":0,"_jetpack_memberships_contains_paywalled_content":false,"_jetpack_memberships_contains_paid_content":false,"footnotes":"","jetpack_publicize_message":"","jetpack_publicize_feature_enabled":true,"jetpack_social_post_already_shared":true,"jetpack_social_options":{"image_generator_settings":{"template":"highway","default_image_id":0,"font":"","enabled":false},"version":2}},"categories":[46,371],"tags":[],"class_list":["post-5510","post","type-post","status-publish","format-standard","has-post-thumbnail","hentry","category-apps","category-mac"],"jetpack_publicize_connections":[],"jetpack_featured_media_url":"https:\/\/www.macquero.com\/wp-content\/uploads\/2018\/11\/Captura-de-pantalla-2018-11-28-a-las-10.11.19-a.-m..png","jetpack_sharing_enabled":true,"_links":{"self":[{"href":"https:\/\/www.macquero.com\/en\/wp-json\/wp\/v2\/posts\/5510","targetHints":{"allow":["GET"]}}],"collection":[{"href":"https:\/\/www.macquero.com\/en\/wp-json\/wp\/v2\/posts"}],"about":[{"href":"https:\/\/www.macquero.com\/en\/wp-json\/wp\/v2\/types\/post"}],"author":[{"embeddable":true,"href":"https:\/\/www.macquero.com\/en\/wp-json\/wp\/v2\/users\/2"}],"replies":[{"embeddable":true,"href":"https:\/\/www.macquero.com\/en\/wp-json\/wp\/v2\/comments?post=5510"}],"version-history":[{"count":1,"href":"https:\/\/www.macquero.com\/en\/wp-json\/wp\/v2\/posts\/5510\/revisions"}],"predecessor-version":[{"id":5512,"href":"https:\/\/www.macquero.com\/en\/wp-json\/wp\/v2\/posts\/5510\/revisions\/5512"}],"wp:featuredmedia":[{"embeddable":true,"href":"https:\/\/www.macquero.com\/en\/wp-json\/wp\/v2\/media\/5511"}],"wp:attachment":[{"href":"https:\/\/www.macquero.com\/en\/wp-json\/wp\/v2\/media?parent=5510"}],"wp:term":[{"taxonomy":"category","embeddable":true,"href":"https:\/\/www.macquero.com\/en\/wp-json\/wp\/v2\/categories?post=5510"},{"taxonomy":"post_tag","embeddable":true,"href":"https:\/\/www.macquero.com\/en\/wp-json\/wp\/v2\/tags?post=5510"}],"curies":[{"name":"wp","href":"https:\/\/api.w.org\/{rel}","templated":true}]}}