{"id":4945,"date":"2018-08-04T01:20:19","date_gmt":"2018-08-04T06:20:19","guid":{"rendered":"http:\/\/www.macquero.com\/?p=4945"},"modified":"2019-09-26T05:21:34","modified_gmt":"2019-09-26T10:21:34","slug":"enfoque-mojave-un-sistema-operativo-envidiable","status":"publish","type":"post","link":"https:\/\/www.macquero.com\/en\/2018\/08\/enfoque-mojave-un-sistema-operativo-envidiable\/","title":{"rendered":"Enfoque: Mojave un sistema operativo envidiable."},"content":{"rendered":"<h1><span class=\"\">Mojave <\/span><\/h1>\n<p><span class=\"\">Es el nombre que Apple le dio a la pr\u00f3xima versi\u00f3n de macOS, el sistema operativo para computadoras port\u00e1tiles y de escritorio de Mac.&nbsp;<\/span>La nueva versi\u00f3n, ya esta disponible en una versi\u00f3n beta p\u00fablica y advierten al usuario final que instalarlo en estos momentos es a riesgo personal.<\/p>\n<p><a href=\"https:\/\/beta.apple.com\/sp\/betaprogram\/\" target=\"_blank\" rel=\"noopener noreferrer\"><span class=\"\">Descargar la beta p\u00fablica de macOS Mojave<\/span><\/a><\/p>\n<h2>Mejoras incre\u00edbles<\/h2>\n<p><span class=\"\">Cuando Apple lance Mojave como descarga gratuita a finales de a\u00f1o, har\u00e1 que el hardware Mac sea m\u00e1s agradable y productivo de usar m\u00e1s que nunca, especialmente con su nuevo modo opcional Dark Mode.&nbsp;La interfaz de usuario mejorada de Mojave tambi\u00e9n facilitar\u00e1 la limpieza de tu escritorio, la vista previa de archivos, el trabajo con fotos y documentos, tomar capturas de pantalla animadas e incluso usar tu tel\u00e9fono para tomar fotograf\u00edas o escanear documentos.&nbsp;La \u00faltima versi\u00f3n implementa avances significativos en privacidad y seguridad tambi\u00e9n.&nbsp;Con todo, Mojave es la mejor actualizaci\u00f3n de macOS en a\u00f1os.<\/span><\/p>\n<h2><span class=\"goog-text-highlight\">\u00bfFuncionar\u00e1 mi Mac con Mojave?<\/span><\/h2>\n<p><span class=\"\">Mojave se ejecutar\u00e1 en cualquier Mac compatible con el <strong>Apple&#8217;s Metal&nbsp;graphic-acceleration<\/strong><\/span><span class=\"\"><strong>,<\/strong> lo que significa, en efecto, que cualquier computadora de escritorio o port\u00e1til Mac desde mediados de 2012 o posterior podr\u00e1 contar con este sistema operativo.&nbsp;<\/span><\/p>\n<blockquote><p>Yo quede fuera. \u00bfPor qu\u00e9? Vivo en Venezuela.<\/p><\/blockquote>\n<p><span class=\"\">La \u00fanica excepci\u00f3n es la l\u00ednea Mac Pro: todos los modelos de finales de 2013 son compatibles, pero los modelos 2010 y 2012 requieren tarjetas gr\u00e1ficas compatibles con Metal.<\/span><\/p>\n<p>Finalmente estamos entrando a una experiencia de usuario, que en mi opini\u00f3n siempre hab\u00eda querido que existiera en versiones anteriores. <strong>Espero contar con soporte, para seguir trabajando.<\/strong><\/p>\n<p><a href=\"https:\/\/www.apple.com\/la\/macos\/mojave-preview\/\" target=\"_blank\" rel=\"noopener noreferrer\">https:\/\/www.apple.com\/la\/macos\/mojave-preview\/<\/a><\/p>\n<h2>El futuro para quienes pueden hacer realidad est\u00e9 sue\u00f1o<\/h2>\n<p><span class=\"\">Se podr\u00eda decir, nadie va a elegir entre macOS y Windows comparando funciones (su hardware probablemente determine su sistema operativo), pero Mojave deber\u00eda darles a los usuarios de Mac muchas razones para estar contentos de haber elegido Apple.&nbsp;<\/span><span class=\"goog-text-highlight\">La elegancia y conveniencia de Mojave probablemente incluso tentar\u00e1n a algunos de los fieles de Windows.<\/span><\/p>\n<h3>An\u00e9cdota personal<\/h3>\n<p>Recuerdo cu\u00e1ndo compr\u00e9 mi primera Mac, &#8220;sin conocer su dise\u00f1o&#8221;, recuerdo haberle preguntado: -a la persona indicada en un iStore \u00bfQu\u00e9 diferencia ten\u00edan con respecto a un equipo con windows?, recuerdo haberle dicho decir: &#8220;\u00a1Venga!, para que las conozca y vea la luz&#8221;. &lt;Sin duda, fue amor a primera vista&gt;.<\/p>\n<p>Recuerdo adem\u00e1s, haber ido con mi madre, que en paz descanse, a comprarla, y ver su mirada de asombro, junto a la m\u00eda, no pod\u00edamos creer la elegancia del producto final, el acabado del hardware, acompa\u00f1ado de una experiencia de usuario completamente distinta a lo que ambos conoc\u00edamos.<\/p>\n<p>\u00a1Simplemente hermoso! <strong>Esa primera maquina era una iMac de 20 pulgadas con Leopard.<\/strong><\/p>","protected":false},"excerpt":{"rendered":"<p>Mojave Es el nombre que Apple le dio a la pr\u00f3xima versi\u00f3n de macOS, el sistema operativo para computadoras port\u00e1tiles y de escritorio de Mac.&nbsp;La nueva versi\u00f3n, ya esta disponible en una versi\u00f3n beta p\u00fablica y advierten al usuario final que instalarlo en estos momentos es a riesgo personal. Descargar la beta p\u00fablica de macOS &hellip;<\/p>","protected":false},"author":2,"featured_media":4946,"comment_status":"closed","ping_status":"closed","sticky":false,"template":"","format":"standard","meta":{"jetpack_post_was_ever_published":false,"_jetpack_newsletter_access":"","_jetpack_dont_email_post_to_subs":false,"_jetpack_newsletter_tier_id":0,"_jetpack_memberships_contains_paywalled_content":false,"_jetpack_memberships_contains_paid_content":false,"footnotes":"","jetpack_publicize_message":"","jetpack_publicize_feature_enabled":true,"jetpack_social_post_already_shared":true,"jetpack_social_options":{"image_generator_settings":{"template":"highway","default_image_id":0,"font":"","enabled":false},"version":2}},"categories":[5],"tags":[286],"class_list":["post-4945","post","type-post","status-publish","format-standard","has-post-thumbnail","hentry","category-apple","tag-novedades"],"jetpack_publicize_connections":[],"jetpack_featured_media_url":"https:\/\/www.macquero.com\/wp-content\/uploads\/2018\/08\/Captura-de-pantalla-2018-08-04-a-las-1.43.41-a.-m..png","jetpack_sharing_enabled":true,"_links":{"self":[{"href":"https:\/\/www.macquero.com\/en\/wp-json\/wp\/v2\/posts\/4945","targetHints":{"allow":["GET"]}}],"collection":[{"href":"https:\/\/www.macquero.com\/en\/wp-json\/wp\/v2\/posts"}],"about":[{"href":"https:\/\/www.macquero.com\/en\/wp-json\/wp\/v2\/types\/post"}],"author":[{"embeddable":true,"href":"https:\/\/www.macquero.com\/en\/wp-json\/wp\/v2\/users\/2"}],"replies":[{"embeddable":true,"href":"https:\/\/www.macquero.com\/en\/wp-json\/wp\/v2\/comments?post=4945"}],"version-history":[{"count":5,"href":"https:\/\/www.macquero.com\/en\/wp-json\/wp\/v2\/posts\/4945\/revisions"}],"predecessor-version":[{"id":8309,"href":"https:\/\/www.macquero.com\/en\/wp-json\/wp\/v2\/posts\/4945\/revisions\/8309"}],"wp:featuredmedia":[{"embeddable":true,"href":"https:\/\/www.macquero.com\/en\/wp-json\/wp\/v2\/media\/4946"}],"wp:attachment":[{"href":"https:\/\/www.macquero.com\/en\/wp-json\/wp\/v2\/media?parent=4945"}],"wp:term":[{"taxonomy":"category","embeddable":true,"href":"https:\/\/www.macquero.com\/en\/wp-json\/wp\/v2\/categories?post=4945"},{"taxonomy":"post_tag","embeddable":true,"href":"https:\/\/www.macquero.com\/en\/wp-json\/wp\/v2\/tags?post=4945"}],"curies":[{"name":"wp","href":"https:\/\/api.w.org\/{rel}","templated":true}]}}