{"id":4837,"date":"2018-07-12T15:56:54","date_gmt":"2018-07-12T20:56:54","guid":{"rendered":"http:\/\/www.macquero.com\/?p=4837"},"modified":"2019-02-14T18:09:45","modified_gmt":"2019-02-14T23:09:45","slug":"apple-lanza-una-nueva-generacion-de-su-portatil-macbook-pro","status":"publish","type":"post","link":"https:\/\/www.macquero.com\/en\/2018\/07\/apple-lanza-una-nueva-generacion-de-su-portatil-macbook-pro\/","title":{"rendered":"Apple lanza una nueva generaci\u00f3n de su port\u00e1tiles MacBook Pro"},"content":{"rendered":"<p>Apple present\u00f3 hoy, 12 de julio&nbsp;de 2018, una nueva generaci\u00f3n de MacBook Pro con mejoras en su rendimiento de hasta un 70% en el modelo de 15 pulgadas. Estos nuevos equipos cuentan con procesadores Core de Intel de octava generaci\u00f3n, con se\u00eds nucleos de procesamiento. Adicionalmente a esto, presentan mejoras significativas como:<\/p>\n<ul>\n<li>Ambos modelos ahora cuentan con soporte para hasta 32 GB de memoria RAM<\/li>\n<li>Soporte para unidades SSD de hasta 2 TB para el modelo de 13 pulgadas, y de hasta 4 TB para el de 15 pulgadas<\/li>\n<li>La pantalla Retina y la del Touch Bar ahora cuentan con tecnolog\u00eda True Tone, la cu\u00e1l mejora mucho la experiencia visual y le da un toque m\u00e1s natural<\/li>\n<li>Teclado con nuevo dise\u00f1o que permite una escritura m\u00e1s silenciosa<\/li>\n<li>Chip T2 de Apple para agregar funciones de seguridad y habilitar la funci\u00f3n de &#8220;Hey Siri&#8221;<\/li>\n<li>Sistema operativo macOS Mojave con un nuevo ambiente &#8220;Oscuro&#8221;<\/li>\n<\/ul>\n<p>El modelo de 13 pulgadas con Touch Bar y Touch ID tiene un precio base de $41,999 pesos mexicanos ($1,799 USD), mientras que la de 15 pulgadas comienza en $55,999 pesos mexicanos ($2,399 USD). A\u00fan no est\u00e1n disponibles para su venta en todo los pa\u00edses, pero se espera lo est\u00e9n en pr\u00f3ximas semanas.<\/p>\n<p>Visita para m\u00e1s informaci\u00f3n: <span style=\"text-decoration: underline;\"><strong><a href=\"https:\/\/www.apple.com\/mx\/macbook-pro\/\" target=\"_blank\" rel=\"noopener\">apple.com<\/a>&nbsp;<\/strong><\/span><\/p>\n<p>&nbsp;<\/p>","protected":false},"excerpt":{"rendered":"<p>Apple present\u00f3 hoy, 12 de julio&nbsp;de 2018, una nueva generaci\u00f3n de MacBook Pro con mejoras en su rendimiento de hasta un 70% en el modelo de 15 pulgadas. Estos nuevos equipos cuentan con procesadores Core de Intel de octava generaci\u00f3n, con se\u00eds nucleos de procesamiento. Adicionalmente a esto, presentan mejoras significativas como: Ambos modelos ahora &hellip;<\/p>","protected":false},"author":1,"featured_media":4838,"comment_status":"open","ping_status":"open","sticky":false,"template":"","format":"standard","meta":{"jetpack_post_was_ever_published":false,"_jetpack_newsletter_access":"","_jetpack_dont_email_post_to_subs":false,"_jetpack_newsletter_tier_id":0,"_jetpack_memberships_contains_paywalled_content":false,"_jetpack_memberships_contains_paid_content":false,"footnotes":"","jetpack_publicize_message":"","jetpack_publicize_feature_enabled":true,"jetpack_social_post_already_shared":true,"jetpack_social_options":{"image_generator_settings":{"template":"highway","default_image_id":0,"font":"","enabled":false},"version":2}},"categories":[371,132],"tags":[],"class_list":["post-4837","post","type-post","status-publish","format-standard","has-post-thumbnail","hentry","category-mac","category-noticias"],"jetpack_publicize_connections":[],"jetpack_featured_media_url":"https:\/\/www.macquero.com\/wp-content\/uploads\/2018\/07\/Captura-de-pantalla-2018-07-12-a-las-15.41.58.png","jetpack_sharing_enabled":true,"_links":{"self":[{"href":"https:\/\/www.macquero.com\/en\/wp-json\/wp\/v2\/posts\/4837","targetHints":{"allow":["GET"]}}],"collection":[{"href":"https:\/\/www.macquero.com\/en\/wp-json\/wp\/v2\/posts"}],"about":[{"href":"https:\/\/www.macquero.com\/en\/wp-json\/wp\/v2\/types\/post"}],"author":[{"embeddable":true,"href":"https:\/\/www.macquero.com\/en\/wp-json\/wp\/v2\/users\/1"}],"replies":[{"embeddable":true,"href":"https:\/\/www.macquero.com\/en\/wp-json\/wp\/v2\/comments?post=4837"}],"version-history":[{"count":1,"href":"https:\/\/www.macquero.com\/en\/wp-json\/wp\/v2\/posts\/4837\/revisions"}],"predecessor-version":[{"id":6512,"href":"https:\/\/www.macquero.com\/en\/wp-json\/wp\/v2\/posts\/4837\/revisions\/6512"}],"wp:featuredmedia":[{"embeddable":true,"href":"https:\/\/www.macquero.com\/en\/wp-json\/wp\/v2\/media\/4838"}],"wp:attachment":[{"href":"https:\/\/www.macquero.com\/en\/wp-json\/wp\/v2\/media?parent=4837"}],"wp:term":[{"taxonomy":"category","embeddable":true,"href":"https:\/\/www.macquero.com\/en\/wp-json\/wp\/v2\/categories?post=4837"},{"taxonomy":"post_tag","embeddable":true,"href":"https:\/\/www.macquero.com\/en\/wp-json\/wp\/v2\/tags?post=4837"}],"curies":[{"name":"wp","href":"https:\/\/api.w.org\/{rel}","templated":true}]}}