{"id":4187,"date":"2018-04-05T15:58:07","date_gmt":"2018-04-05T20:58:07","guid":{"rendered":"http:\/\/www.macquero.com\/?p=4187"},"modified":"2019-02-14T18:10:41","modified_gmt":"2019-02-14T23:10:41","slug":"apple-trabaja-en-una-nueva-mac-pro-para-2019","status":"publish","type":"post","link":"https:\/\/www.macquero.com\/en\/2018\/04\/apple-trabaja-en-una-nueva-mac-pro-para-2019\/","title":{"rendered":"Apple trabaja en una nueva Mac Pro para 2019"},"content":{"rendered":"<p>Si bien la Mac Pro es una de las computadoras m\u00e1s poderosas que ofrece Apple para los profesionales, no ha recibido ninguna actualizaci\u00f3n a su hardware desde 2013. Afortunadamente, Phil Schiller, director de marketing de Apple, confirm\u00f3 en una entrevista para <a href=\"https:\/\/techcrunch.com\/2018\/04\/05\/apples-2019-imac-pro-will-be-shaped-by-workflows\/\" target=\"_blank\" rel=\"noopener\">TechCrunch<\/a> que est\u00e1n trabajando en un nuevo modelo de la Mac Pro para el pr\u00f3ximo a\u00f1o.<\/p>\n<p>A pesar de que existe la reciente iMac Pro, Apple sabe que existen consumidores que buscan un producto m\u00e1s flexible, que en lugar de tener una pantalla integrada y componentes integrados, sea m\u00e1s modular, lo que permitir\u00eda mejorar o intercambiar diferentes componentes de hardware. Es por eso que Apple se est\u00e1 enfocando en crear un producto que permita diferentes aplicaciones o lo que han denominado &#8220;flujos de trabajo&#8221;.<\/p>\n<p>Para lograr esto, Apple ha creado un nuevo equipo llamado &#8220;Pro Workflow Team&#8221;, dedicado a coordinar los esfuerzos de los equipos de hardware y software dentro de la compa\u00f1\u00eda para producir un producto que cumpla con las necesidades de los diferentes nichos de consumo para este tipo de Mac. Para ello, este nuevo equipo tambi\u00e9n se encarga de estar en contacto con los consumidores profesionales que utilizan equipos Mac para tareas de dise\u00f1o, edici\u00f3n de video, animaci\u00f3n y otras industrias.<\/p>\n<p>En Macquero estamos ansiosos por ver esta nueva Mac Pro, tanto por su dise\u00f1o, que seguramente ser\u00e1 innovador, como por su desempe\u00f1o. \u00bfY t\u00fa, c\u00f3mo te la imaginas?<\/p>\n<p>&nbsp;<\/p>","protected":false},"excerpt":{"rendered":"<p>Si bien la Mac Pro es una de las computadoras m\u00e1s poderosas que ofrece Apple para los profesionales, no ha recibido ninguna actualizaci\u00f3n a su hardware desde 2013. Afortunadamente, Phil Schiller, director de marketing de Apple, confirm\u00f3 en una entrevista para TechCrunch que est\u00e1n trabajando en un nuevo modelo de la Mac Pro para el &hellip;<\/p>","protected":false},"author":1,"featured_media":4188,"comment_status":"open","ping_status":"open","sticky":false,"template":"","format":"standard","meta":{"jetpack_post_was_ever_published":false,"_jetpack_newsletter_access":"","_jetpack_dont_email_post_to_subs":false,"_jetpack_newsletter_tier_id":0,"_jetpack_memberships_contains_paywalled_content":false,"_jetpack_memberships_contains_paid_content":false,"footnotes":"","jetpack_publicize_message":"","jetpack_publicize_feature_enabled":true,"jetpack_social_post_already_shared":true,"jetpack_social_options":{"image_generator_settings":{"template":"highway","default_image_id":0,"font":"","enabled":false},"version":2}},"categories":[371],"tags":[],"class_list":["post-4187","post","type-post","status-publish","format-standard","has-post-thumbnail","hentry","category-mac"],"jetpack_publicize_connections":[],"jetpack_featured_media_url":"https:\/\/www.macquero.com\/wp-content\/uploads\/2018\/04\/mac-pro-gallery6-2013.jpeg","jetpack_sharing_enabled":true,"_links":{"self":[{"href":"https:\/\/www.macquero.com\/en\/wp-json\/wp\/v2\/posts\/4187","targetHints":{"allow":["GET"]}}],"collection":[{"href":"https:\/\/www.macquero.com\/en\/wp-json\/wp\/v2\/posts"}],"about":[{"href":"https:\/\/www.macquero.com\/en\/wp-json\/wp\/v2\/types\/post"}],"author":[{"embeddable":true,"href":"https:\/\/www.macquero.com\/en\/wp-json\/wp\/v2\/users\/1"}],"replies":[{"embeddable":true,"href":"https:\/\/www.macquero.com\/en\/wp-json\/wp\/v2\/comments?post=4187"}],"version-history":[{"count":1,"href":"https:\/\/www.macquero.com\/en\/wp-json\/wp\/v2\/posts\/4187\/revisions"}],"predecessor-version":[{"id":6513,"href":"https:\/\/www.macquero.com\/en\/wp-json\/wp\/v2\/posts\/4187\/revisions\/6513"}],"wp:featuredmedia":[{"embeddable":true,"href":"https:\/\/www.macquero.com\/en\/wp-json\/wp\/v2\/media\/4188"}],"wp:attachment":[{"href":"https:\/\/www.macquero.com\/en\/wp-json\/wp\/v2\/media?parent=4187"}],"wp:term":[{"taxonomy":"category","embeddable":true,"href":"https:\/\/www.macquero.com\/en\/wp-json\/wp\/v2\/categories?post=4187"},{"taxonomy":"post_tag","embeddable":true,"href":"https:\/\/www.macquero.com\/en\/wp-json\/wp\/v2\/tags?post=4187"}],"curies":[{"name":"wp","href":"https:\/\/api.w.org\/{rel}","templated":true}]}}