{"id":3922,"date":"2018-03-03T01:48:30","date_gmt":"2018-03-03T06:48:30","guid":{"rendered":"http:\/\/www.macquero.com\/?p=3922"},"modified":"2019-06-16T10:27:44","modified_gmt":"2019-06-16T15:27:44","slug":"ferdinand-pelicula-recomendada-en-itunes","status":"publish","type":"post","link":"https:\/\/www.macquero.com\/en\/2018\/03\/ferdinand-pelicula-recomendada-en-itunes\/","title":{"rendered":"Ferdinand: pel\u00edcula recomendada en iTunes"},"content":{"rendered":"<h1><\/h1>\n<h2>Argumento<\/h2>\n<p>De los creadores de La Era del Hielo y Rio, llega la comedia m\u00e1s adorable de a\u00f1o. Ferdinand es un gran toro con un enorme coraz\u00f3n. Al ser confundido con una peligrosa bestia y alejado de su hogar, \u00e9l organiza a un dispar equipo de amigos para vivir una aventura \u00e9pica y as\u00ed, regresar con su familia. Basada en el libro infantil cl\u00e1sico, <strong>\u00a1Ferdinand nos demuestra que un toro no es todo lo que parece!<\/strong><\/p>\n<h2>Opini\u00f3n y an\u00e1lisis<\/h2>\n<p>Cuenta la historia de un toro enorme con un gran coraz\u00f3n. Despu\u00e9s de ser confundido por una brutal fiera indomable, es capturado y removido de su hogar. Decidido en regresar con su familia, re\u00fane a un equipo de inadaptados para emprender la m\u00e1xima aventura de sus vidas.<\/p>\n<p>De Blue Sky Studios y Carlos Saldanha, director de \u201cRio\u201d, e inspirada en el querido libro <strong>\u201cThe Story of Ferdinand\u201d,<\/strong> de Munro Leaf y Robert Lawson, <strong>\u201cOl\u00e9, El viaje de Ferdinand\u201d<\/strong> es una comedia animada con un reparto multiestelar que incluye a John Cena, Kate McKinnon, Gina Rodriguez, Anthony Anderson y muchos m\u00e1s.<\/p>\n<p><span class=\"embed-youtube\" style=\"text-align:center; display: block;\"><iframe loading=\"lazy\" class=\"youtube-player\" width=\"640\" height=\"360\" src=\"https:\/\/www.youtube.com\/embed\/n7RkOfN8KvE?version=3&#038;rel=1&#038;showsearch=0&#038;showinfo=1&#038;iv_load_policy=1&#038;fs=1&#038;hl=en-US&#038;autohide=2&#038;wmode=transparent\" allowfullscreen=\"true\" style=\"border:0;\" sandbox=\"allow-scripts allow-same-origin allow-popups allow-presentation allow-popups-to-escape-sandbox\"><\/iframe><\/span><\/p>\n<blockquote><p>Es una pel\u00edcula muy bella, con una direcci\u00f3n muy familiar, con numerosas ocurrencias que te har\u00e1n re\u00edr, <strong>te conquistar\u00e1<\/strong> y tambi\u00e9n te har\u00e1 llorar con escenas muy conmovedoras que llegar\u00e1n a lo m\u00e1s profundo de tu ser.<\/p>\n<p>Un cl\u00e1sico film de Disney, adaptado a un nuevo formato, y a una modernidad qu\u00e9 la distingue de todas las qu\u00e9 lleva su sello de grandeza.<\/p><\/blockquote>\n<h2>Pol\u00e9mica<\/h2>\n<h3>Censurada por Franco y Hitler<\/h3>\n<p>La pel\u00edcula dirigida por <strong>Carlos Saldanha recupera la historia de un cuento antitaurino<\/strong> y pacifista que el escritor e ilustrador infantil Munro Leaf public\u00f3 en 1936, en plena guerra civil.\u00a0La historia en su momento llam\u00f3 la atenci\u00f3n del mism\u00edsimo <strong>Walt Disney<\/strong>, quien en <strong>1938 realiz\u00f3 un corto titulado\u00a0Ferdinand the Bull<\/strong>,\u00a0en el que la trama se bas\u00f3 en las reflexiones del bueno de Ferdinand con tanto \u00e9xito que lleg\u00f3 a ganar un \u00d3scar en la categor\u00eda de animaci\u00f3n.<\/p>\n<p class=\"mce\">El relato antitaurino vuelve a levantar pol\u00e9mica. <strong>Y algunos no ven que en est\u00e1 historia de dibujos:<\/strong>\u00a0se expone el maltrato animal y la violencia, con matices muy sutiles y divertidos la pel\u00edcula busca hacer \u00e9nfasis en\u00a0los mensajes positivos. Muchos piensan o consideran qu\u00e9\u00a0<em class=\"mce\">Ferdinand<\/em>\u00a0es un mensaje de lucha contra el acoso escolar, e incluso una defensa impl\u00edcita de la diversidad sexual y de g\u00e9nero.<\/p>\n<blockquote>\n<p class=\"mce\"><strong>&#8220;Lo que eres por fuera no importa. No importa para nada c\u00f3mo te vea la gente, porque ellos te tienen que ver como t\u00fa te sientes por dentro&#8221;,<\/strong>\u00a0explicaba en una entrevista <strong>Saldanha<\/strong>.<\/p>\n<\/blockquote>\n<p>En el transcurso de la cinta, Ferdinand, &#8220;un gran toro con un gran coraz\u00f3n&#8221;, hace muchos amigos, salva a nuevos personajes y aprende mucho sobre la vida, sobre su car\u00e1cter y sobre el valor, lo qu\u00e9 forma el temple.<\/p>\n<p>Una pel\u00edcula qu\u00e9 no puedes dejar de disfrutar el fin de semana.<\/p>\n<h3>Disponible en iTunes Store<\/h3>\n<p><a href=\"https:\/\/itunes.apple.com\/mx\/movie\/ferdinand\/id1324395074\" target=\"_blank\" rel=\"noopener\">https:\/\/itunes.apple.com\/mx\/movie\/ferdinand\/id1324395074<\/a><\/p>","protected":false},"excerpt":{"rendered":"<p>Argumento De los creadores de La Era del Hielo y Rio, llega la comedia m\u00e1s adorable de a\u00f1o. Ferdinand es un gran toro con un enorme coraz\u00f3n. Al ser confundido con una peligrosa bestia y alejado de su hogar, \u00e9l organiza a un dispar equipo de amigos para vivir una aventura \u00e9pica y as\u00ed, regresar &hellip;<\/p>","protected":false},"author":2,"featured_media":3923,"comment_status":"open","ping_status":"open","sticky":false,"template":"","format":"standard","meta":{"jetpack_post_was_ever_published":false,"_jetpack_newsletter_access":"","_jetpack_dont_email_post_to_subs":false,"_jetpack_newsletter_tier_id":0,"_jetpack_memberships_contains_paywalled_content":false,"_jetpack_memberships_contains_paid_content":false,"footnotes":"","jetpack_publicize_message":"","jetpack_publicize_feature_enabled":true,"jetpack_social_post_already_shared":true,"jetpack_social_options":{"image_generator_settings":{"template":"highway","default_image_id":0,"font":"","enabled":false},"version":2}},"categories":[685,686],"tags":[683,303],"class_list":["post-3922","post","type-post","status-publish","format-standard","has-post-thumbnail","hentry","category-cine","category-para-toda-la-familia","tag-comedia","tag-drama"],"jetpack_publicize_connections":[],"jetpack_featured_media_url":"https:\/\/www.macquero.com\/wp-content\/uploads\/2018\/03\/Captura-de-pantalla-2018-03-03-a-las-2.45.00-a.m..png","jetpack_sharing_enabled":true,"_links":{"self":[{"href":"https:\/\/www.macquero.com\/en\/wp-json\/wp\/v2\/posts\/3922","targetHints":{"allow":["GET"]}}],"collection":[{"href":"https:\/\/www.macquero.com\/en\/wp-json\/wp\/v2\/posts"}],"about":[{"href":"https:\/\/www.macquero.com\/en\/wp-json\/wp\/v2\/types\/post"}],"author":[{"embeddable":true,"href":"https:\/\/www.macquero.com\/en\/wp-json\/wp\/v2\/users\/2"}],"replies":[{"embeddable":true,"href":"https:\/\/www.macquero.com\/en\/wp-json\/wp\/v2\/comments?post=3922"}],"version-history":[{"count":3,"href":"https:\/\/www.macquero.com\/en\/wp-json\/wp\/v2\/posts\/3922\/revisions"}],"predecessor-version":[{"id":7794,"href":"https:\/\/www.macquero.com\/en\/wp-json\/wp\/v2\/posts\/3922\/revisions\/7794"}],"wp:featuredmedia":[{"embeddable":true,"href":"https:\/\/www.macquero.com\/en\/wp-json\/wp\/v2\/media\/3923"}],"wp:attachment":[{"href":"https:\/\/www.macquero.com\/en\/wp-json\/wp\/v2\/media?parent=3922"}],"wp:term":[{"taxonomy":"category","embeddable":true,"href":"https:\/\/www.macquero.com\/en\/wp-json\/wp\/v2\/categories?post=3922"},{"taxonomy":"post_tag","embeddable":true,"href":"https:\/\/www.macquero.com\/en\/wp-json\/wp\/v2\/tags?post=3922"}],"curies":[{"name":"wp","href":"https:\/\/api.w.org\/{rel}","templated":true}]}}