{"id":3841,"date":"2018-02-24T16:13:51","date_gmt":"2018-02-24T21:13:51","guid":{"rendered":"http:\/\/www.macquero.com\/?p=3841"},"modified":"2019-02-14T18:11:22","modified_gmt":"2019-02-14T23:11:22","slug":"un-dia-como-hoy-nace-un-genio-steve-jobs","status":"publish","type":"post","link":"https:\/\/www.macquero.com\/en\/2018\/02\/un-dia-como-hoy-nace-un-genio-steve-jobs\/","title":{"rendered":"Un d\u00eda c\u00f3mo hoy: nace un genio Steve Jobs"},"content":{"rendered":"<h1>Steve Jobs<\/h1>\n<p>Nos hacemos eco de los diferentes portales de noticias con informaci\u00f3n de tecnolog\u00eda para recordar al c\u00e9lebre <strong>Steve Jobs<\/strong>.<\/p>\n<p>(<strong>Steve Paul Jobs; San Francisco, 1955 &#8211; Palo Alto, California, 2011<\/strong>) Inform\u00e1tico y empresario estadounidense. Padre del primer ordenador personal y fundador de <strong>Apple Computer<\/strong>, probablemente la empresa m\u00e1s innovadora del sector, este mago de la inform\u00e1tica fue uno de los m\u00e1s influyentes de la vertiginosa escalada tecnol\u00f3gica en la que a\u00fan vive el mundo actual. Sus ideas visionarias en el campo de los ordenadores personales, la m\u00fasica digital y la telefon\u00eda m\u00f3vil revolucionaron los mercados y los h\u00e1bitos de millones de personas durante m\u00e1s de tres d\u00e9cadas.<\/p>\n<p>&nbsp;<\/p>\n<h2>Datos relevantes<\/h2>\n<p>En 2007 present\u00f3 el iPhone, primero de la familia de tel\u00e9fonos inteligentes de alta gama producida por Apple. Declarado <strong>&#8220;invento del a\u00f1o&#8221; por la revista&nbsp;<em>Time<\/em><\/strong>, su pantalla t\u00e1ctil integraba un teclado de orientaci\u00f3n tanto vertical como horizontal, e incorporaba una c\u00e1mara fotogr\u00e1fica de tres megap\u00edxeles, un lector de m\u00fasica (con las mismas funciones que un iPod) y un navegador de Internet.<\/p>\n<p>El primer <strong>iPhone<\/strong>, Inicialmente contaba con un n\u00famero reducido de aplicaciones, proporcionadas por Apple, pero la demanda de m\u00e1s programas por parte de los usuarios origin\u00f3 la creaci\u00f3n de la <strong>App Store en julio de 2008<\/strong>, una tienda de aplicaciones donde todo tipo de desarrolladores pod\u00edan vender software dise\u00f1ado para los iPhone y dem\u00e1s dispositivos fabricados por la compa\u00f1\u00eda.<\/p>\n<p>En 2009, a\u00f1o en que hubo de someterse a un trasplante de h\u00edgado, <strong>Steve Jobs deleg\u00f3 la mayor parte de sus responsabilidades en Timothy Cook<\/strong>. Pero ni siquiera el visible deterioro de su salud lograr\u00eda reducir su entrega al trabajo y su af\u00e1n innovador. Con su creatividad intacta, todav\u00eda en 2010 sorprendi\u00f3 al mundo con el iPad, <strong>un h\u00edbrido de tableta y tel\u00e9fono m\u00f3vil;<\/strong> una ligera y delgad\u00edsima pantalla t\u00e1ctil de 9,7 pulgadas conten\u00eda en su parte posterior la potencia de procesamiento y todas las prestaciones de un ordenador port\u00e1til, sin necesidad de teclado ni mouse.<\/p>\n<p>Steve Jobs present\u00f3 la segunda versi\u00f3n, <strong>el iPad 2<\/strong>, en marzo de 2011, en la que ser\u00eda una de sus \u00faltimas apariciones en p\u00fablico. <strong>El 5 de octubre de 2011, a los 56 a\u00f1os de edad, falleci\u00f3 en su casa de Palo Alto,<\/strong> v\u00edctima del avance del c\u00e1ncer que le hab\u00eda sido detectado en 2003.<\/p>\n<p>&nbsp;<\/p>","protected":false},"excerpt":{"rendered":"<p>Steve Jobs Nos hacemos eco de los diferentes portales de noticias con informaci\u00f3n de tecnolog\u00eda para recordar al c\u00e9lebre Steve Jobs. (Steve Paul Jobs; San Francisco, 1955 &#8211; Palo Alto, California, 2011) Inform\u00e1tico y empresario estadounidense. Padre del primer ordenador personal y fundador de Apple Computer, probablemente la empresa m\u00e1s innovadora del sector, este mago &hellip;<\/p>","protected":false},"author":2,"featured_media":3842,"comment_status":"open","ping_status":"open","sticky":false,"template":"","format":"standard","meta":{"jetpack_post_was_ever_published":false,"_jetpack_newsletter_access":"","_jetpack_dont_email_post_to_subs":false,"_jetpack_newsletter_tier_id":0,"_jetpack_memberships_contains_paywalled_content":false,"_jetpack_memberships_contains_paid_content":false,"footnotes":"","jetpack_publicize_message":"","jetpack_publicize_feature_enabled":true,"jetpack_social_post_already_shared":true,"jetpack_social_options":{"image_generator_settings":{"template":"highway","default_image_id":0,"font":"","enabled":false},"version":2}},"categories":[132],"tags":[],"class_list":["post-3841","post","type-post","status-publish","format-standard","has-post-thumbnail","hentry","category-noticias"],"jetpack_publicize_connections":[],"jetpack_featured_media_url":"https:\/\/www.macquero.com\/wp-content\/uploads\/2018\/02\/Captura-de-pantalla-2018-02-24-a-las-4.55.54-p.m..png","jetpack_sharing_enabled":true,"_links":{"self":[{"href":"https:\/\/www.macquero.com\/en\/wp-json\/wp\/v2\/posts\/3841","targetHints":{"allow":["GET"]}}],"collection":[{"href":"https:\/\/www.macquero.com\/en\/wp-json\/wp\/v2\/posts"}],"about":[{"href":"https:\/\/www.macquero.com\/en\/wp-json\/wp\/v2\/types\/post"}],"author":[{"embeddable":true,"href":"https:\/\/www.macquero.com\/en\/wp-json\/wp\/v2\/users\/2"}],"replies":[{"embeddable":true,"href":"https:\/\/www.macquero.com\/en\/wp-json\/wp\/v2\/comments?post=3841"}],"version-history":[{"count":1,"href":"https:\/\/www.macquero.com\/en\/wp-json\/wp\/v2\/posts\/3841\/revisions"}],"predecessor-version":[{"id":6515,"href":"https:\/\/www.macquero.com\/en\/wp-json\/wp\/v2\/posts\/3841\/revisions\/6515"}],"wp:featuredmedia":[{"embeddable":true,"href":"https:\/\/www.macquero.com\/en\/wp-json\/wp\/v2\/media\/3842"}],"wp:attachment":[{"href":"https:\/\/www.macquero.com\/en\/wp-json\/wp\/v2\/media?parent=3841"}],"wp:term":[{"taxonomy":"category","embeddable":true,"href":"https:\/\/www.macquero.com\/en\/wp-json\/wp\/v2\/categories?post=3841"},{"taxonomy":"post_tag","embeddable":true,"href":"https:\/\/www.macquero.com\/en\/wp-json\/wp\/v2\/tags?post=3841"}],"curies":[{"name":"wp","href":"https:\/\/api.w.org\/{rel}","templated":true}]}}