{"id":3755,"date":"2018-02-19T07:06:19","date_gmt":"2018-02-19T12:06:19","guid":{"rendered":"http:\/\/www.macquero.com\/?p=3755"},"modified":"2018-02-19T07:18:46","modified_gmt":"2018-02-19T12:18:46","slug":"consejo-te-contamos-si-eres-elegible-o-no-para-dar-el-salto-a-macos-high-sierra","status":"publish","type":"post","link":"https:\/\/www.macquero.com\/en\/2018\/02\/consejo-te-contamos-si-eres-elegible-o-no-para-dar-el-salto-a-macos-high-sierra\/","title":{"rendered":"Consejo: te contamos si eres elegible o no para dar el salto a macOs High Sierra"},"content":{"rendered":"<h1>Dar el salto a macOS High Sierra<\/h1>\n<p><strong>Consideraciones, y recomendaciones tanto si es elegible o no<\/strong><\/p>\n<p>Desde que sali\u00f3 macOs High Sierrra, supe que mi tiempo de actualizar ya no era para mi. Sobre todo, porque yo vivo en Venezuela. Resulta impensable ponerse a inventar en los tiempos qu\u00e9 vive mi naci\u00f3n.<\/p>\n<p>Si vives en otra parte del mundo:<\/p>\n<p><strong>\u00bfActualizar o no actualizar?<\/strong><br \/>\nYa sea que lo hayas visto en acci\u00f3n en casa de un amigo o en youtube. Quiz\u00e1s hayas recibido m\u00e1s de unas cuantas notificaciones invasivas de Apple, invit\u00e1ndote a qu\u00e9 jodas tu maquina con el nuevo <strong>macOS High Sierra<\/strong> de la compa\u00f1\u00eda en m\u00e1s de una ocasi\u00f3n.<\/p>\n<p><strong>Sobresalen sus funciones<\/strong><\/p>\n<p>Caracter\u00edsticas: como la administraci\u00f3n mejorada de fotos y el sistema de archivos Apple pueden hacerte perder la cabeza.<\/p>\n<p><a href=\"https:\/\/www.apple.com\/mx\/macos\/high-sierra\/\" target=\"_blank\" rel=\"noopener\">https:\/\/www.apple.com\/mx\/macos\/high-sierra\/<\/a><\/p>\n<p><img loading=\"lazy\" decoding=\"async\" class=\"aligncenter size-large wp-image-3758\" src=\"http:\/\/www.macquero.com\/wp-content\/uploads\/2018\/02\/Captura-de-pantalla-2018-02-19-a-las-8.14.06-a.m.-940x603.png\" alt=\"\" width=\"940\" height=\"603\" srcset=\"https:\/\/www.macquero.com\/wp-content\/uploads\/2018\/02\/Captura-de-pantalla-2018-02-19-a-las-8.14.06-a.m.-940x603.png 940w, https:\/\/www.macquero.com\/wp-content\/uploads\/2018\/02\/Captura-de-pantalla-2018-02-19-a-las-8.14.06-a.m.-300x193.png 300w, https:\/\/www.macquero.com\/wp-content\/uploads\/2018\/02\/Captura-de-pantalla-2018-02-19-a-las-8.14.06-a.m.-620x398.png 620w, https:\/\/www.macquero.com\/wp-content\/uploads\/2018\/02\/Captura-de-pantalla-2018-02-19-a-las-8.14.06-a.m.-768x493.png 768w, https:\/\/www.macquero.com\/wp-content\/uploads\/2018\/02\/Captura-de-pantalla-2018-02-19-a-las-8.14.06-a.m.-770x494.png 770w, https:\/\/www.macquero.com\/wp-content\/uploads\/2018\/02\/Captura-de-pantalla-2018-02-19-a-las-8.14.06-a.m..png 1374w\" sizes=\"auto, (max-width: 940px) 100vw, 940px\" \/><\/p>\n<p><!--more--><\/p>\n<h2>Recordatorio<\/h2>\n<p>Con cada actualizaci\u00f3n. muchas de las actualizaciones de la compa\u00f1\u00eda, el sistema operativo no est\u00e1 exactamente optimizado para ejecutarse en la Mac que adquiriste hace 5 a\u00f1os. Si tienes curiosidad acerca de si debes actualizar tu Mac, estos son algunos factores a considerar:<\/p>\n<p><strong>Antes de dar el salto:<\/strong><br \/>\nInvestiga sobre posibles problemas de compatibilidad o errores prevalecientes que puedan afectar tu experiencia.<\/p>\n<blockquote><p>No te quiero alarmar pero: \u201cEn el caso de Apple, la compa\u00f1\u00eda ha estado lidiando con bastantes errores en sus actualizaciones \u00faltimamente. La \u00faltima actualizaci\u00f3n de High Sierra, 10.13.1, deshabilit\u00f3 de manera efectiva un parche de seguridad lanzado por Apple a principios de esta semana, lo que expone nuevamente a los usuarios a un fallo de seguridad potencialmente grave\u201d.<\/p>\n<p>Ok, ok\u2026 <strong>\u00bfpero, actualizo o no?<\/strong><\/p>\n<p><strong>\u00bfQui\u00e9n deber\u00eda actualizar?<\/strong> La respuesta breve es que si tu Mac fue lanzada en los \u00faltimos cinco a\u00f1os, te invito a qu\u00e9 te hagas est\u00e1 pregunta: <em>\u00bfvale la pena sacrificar rendimiento, por prestaciones con las que tu equipo no est\u00e1 preparado para lidiar?<\/em><\/p><\/blockquote>\n<h2>Observaciones<\/h2>\n<p><strong>Si <\/strong><strong>perteneces a est\u00e1 gama de usuarios:<\/strong><br \/>\nLas actualizaciones de sistema operativo, que generalmente incluyen m\u00e1s caracter\u00edsticas que la versi\u00f3n anterior, a menudo son m\u00e1s exigentes en las m\u00e1quinas m\u00e1s antiguas y con poco poder. Tu Macbook 2010, con su procesador Core 2 Duo, no puede manejar exactamente la misma carga de trabajo que el MacBook del a\u00f1o pasado.<\/p>\n<p><strong>Sin embargo, aunque\u2026<\/strong><br \/>\nLos Mac m\u00e1s recientes, como aquellos con al menos 8 GB de RAM o unidades de estado s\u00f3lido, est\u00e1n mejor equipados para manejar el cambio, pero incluso aquellos pueden necesitar algunas actualizaciones de hardware antes de considerar dar el salto.<\/p>\n<p><strong>S\u00f3lo para tus ojos:<\/strong><br \/>\nLos dispositivos de m\u00e1s de cinco a\u00f1os se consideran <strong>vintage para Apple<\/strong>, y no son elegibles para recibir ayuda de la empresa, pero esto no es lo peor, lo m\u00e1s grave: Los dispositivos fabricados hace m\u00e1s de siete a\u00f1os se consideran obsoletos.<\/p>\n<p>Despu\u00e9s, de haber le\u00eddo todo esto, <strong>\u00bftienes curiosidad por ver si tu m\u00e1quina es elegible para macOS High Sierra?<\/strong> Puedes consultar esta breve lista de Mac compatibles:<\/p>\n<p>Modelos <strong>iMac de finales de 2009<\/strong> o posteriores<br \/>\n<a href=\"https:\/\/support.apple.com\/es-lamr\/HT201634\" target=\"_blank\" rel=\"noopener\">https:\/\/support.apple.com\/es-lamr\/HT201634<\/a><br \/>\nModelos de <strong>MacBook desde finales de 2009<\/strong> o posterior<br \/>\n<a href=\"https:\/\/support.apple.com\/kb\/HT201608\" target=\"_blank\" rel=\"noopener\">https:\/\/support.apple.com\/kb\/HT201608<\/a><br \/>\nModelos <strong>MacBook Pro desde mediados de 2010<\/strong> o posterior<br \/>\n<a href=\"https:\/\/support.apple.com\/es-lamr\/HT201300\" target=\"_blank\" rel=\"noopener\">https:\/\/support.apple.com\/es-lamr\/HT201300<\/a><br \/>\nModelos de <strong>MacBook Air desde finales de 2010<\/strong> o posterior<br \/>\n<a href=\"https:\/\/support.apple.com\/es-lamr\/HT201862\" target=\"_blank\" rel=\"noopener\">https:\/\/support.apple.com\/es-lamr\/HT201862<\/a><br \/>\n<strong>Mac mini<\/strong> <strong>modelos de mediados de 2010<\/strong> o posterior<br \/>\n<a href=\"https:\/\/support.apple.com\/es-lamr\/HT201894\" target=\"_blank\" rel=\"noopener\">https:\/\/support.apple.com\/es-lamr\/HT201894<\/a><br \/>\nModelos <strong>Mac Pro desde mediados de 2010<\/strong> o posteriores<br \/>\n<a href=\"https:\/\/support.apple.com\/es-lamr\/HT202888\" target=\"_blank\" rel=\"noopener\">https:\/\/support.apple.com\/es-lamr\/HT202888<\/a><\/p>\n<h1>Dar el salto<\/h1>\n<p><strong>Qu\u00e9 actualizar antes de actualizar<\/strong><br \/>\nEl hecho de que tu Mac sea elegible para una actualizaci\u00f3n no significa que est\u00e9 debidamente equipada para manejarla bien. Puedes ver las especificaciones de hardware de tu Mac haciendo clic en el logotipo de Apple en la barra de men\u00fa y seleccionando &#8220;Acerca de esta Mac&#8221;. All\u00ed, ver\u00e1 una descripci\u00f3n general de tu sistema, incluida su fecha de lanzamiento, RAM, tipo de disco duro y n\u00famero de serie.<\/p>\n<h2>Si ya tomaste la decisi\u00f3n y perdiste la cabeza:<\/h2>\n<blockquote><p><strong>Observaciones finales:<\/strong><br \/>\nSi tu Mac que no cuenta con suficiente memoria, o sigue usando una unidad de disco duro, debes hacer algunos cambios de hardware antes de dar el salto. Con lo cu\u00e1l debes saber, qu\u00e9 est\u00e1 actualizaci\u00f3n, requiere una s\u00f3lida inversi\u00f3n. Nada accesible para muchos.<\/p>\n<p>La actualizaci\u00f3n de los componentes internos mantendr\u00e1 la m\u00e1quina funcionando sin problemas y la equipar\u00e1 mejor para manejar las crecientes demandas del nuevo sistema operativo.<\/p><\/blockquote>\n<h2>Partes esenciales que precisan cambios<\/h2>\n<h1>Hardware<\/h1>\n<p><strong>Disco duro:<\/strong> si tienes un disco duro giratorio tradicional, olv\u00eddate de todo.<\/p>\n<p><strong>Lo malo:\u00a0<\/strong>En virtud de su naturaleza giratoria, es el componente m\u00e1s lento en tu m\u00e1quina, y es responsable del tiempo que pasas tocando con los dedos sobre la mesa mientras tu Mac arranca. En su lugar, abre tu dispositivo y reempl\u00e1zalo con un disco de estado s\u00f3lido: <strong>(Atenci\u00f3n: sino sabes, no toques)<\/strong> y lleva tu equipo a un Store de Apple.<\/p>\n<p><strong>Lo bueno:\u00a0<\/strong>Sin partes m\u00f3viles, las <strong>SSD<\/strong> son mucho m\u00e1s r\u00e1pidas que las unidades de disco duro y mejorar\u00e1n enormemente el rendimiento de tu Mac. Tu m\u00e1quina se iniciar\u00e1 en segundos en lugar de minutos, sus medios se cargar\u00e1n instant\u00e1neamente y tu Mac consumir\u00e1 menos energ\u00eda.<\/p>\n<p><strong>Memoria:<\/strong> cuando tu Mac se queda sin memoria RAM. <strong>Lo malo:<\/strong> tu computadora comienza a ralentizarse, almacenando datos en su lenta unidad de disco duro. Incluso si reemplazas ese disco giratorio con una unidad de estado s\u00f3lido, ese proceso de administraci\u00f3n de datos a\u00fan significa que est\u00e1 esperando que su peque\u00f1a cantidad de RAM maneje su carga de trabajo.<\/p>\n<p><strong>Lo bueno:<\/strong> Aumentar su memoria hace que cambiar entre aplicaciones o navegar por la web sea mucho m\u00e1s r\u00e1pido gracias a la mayor cantidad de almacenamiento disponible. La instalaci\u00f3n es bastante sencilla, pero si eres un usuario <strong>normal\u00edn y corriente<\/strong>, <strong>\u00a1NO TOQUES NADA!<\/strong> te recomendamos que la lleves a un Store de Apple.<\/p>\n<p>&nbsp;<\/p>","protected":false},"excerpt":{"rendered":"<p>Dar el salto a macOS High Sierra Consideraciones, y recomendaciones tanto si es elegible o no Desde que sali\u00f3 macOs High Sierrra, supe que mi tiempo de actualizar ya no era para mi. Sobre todo, porque yo vivo en Venezuela. Resulta impensable ponerse a inventar en los tiempos qu\u00e9 vive mi naci\u00f3n. Si vives en &hellip;<\/p>","protected":false},"author":2,"featured_media":3759,"comment_status":"open","ping_status":"open","sticky":false,"template":"","format":"standard","meta":{"jetpack_post_was_ever_published":false,"_jetpack_newsletter_access":"","_jetpack_dont_email_post_to_subs":false,"_jetpack_newsletter_tier_id":0,"_jetpack_memberships_contains_paywalled_content":false,"_jetpack_memberships_contains_paid_content":false,"footnotes":"","jetpack_publicize_message":"","jetpack_publicize_feature_enabled":true,"jetpack_social_post_already_shared":true,"jetpack_social_options":{"image_generator_settings":{"template":"highway","default_image_id":0,"font":"","enabled":false},"version":2}},"categories":[128],"tags":[],"class_list":["post-3755","post","type-post","status-publish","format-standard","has-post-thumbnail","hentry","category-consejos"],"jetpack_publicize_connections":[],"jetpack_featured_media_url":"https:\/\/www.macquero.com\/wp-content\/uploads\/2018\/02\/Captura-de-pantalla-2018-02-19-a-las-8.15.50-a.m..png","jetpack_sharing_enabled":true,"_links":{"self":[{"href":"https:\/\/www.macquero.com\/en\/wp-json\/wp\/v2\/posts\/3755","targetHints":{"allow":["GET"]}}],"collection":[{"href":"https:\/\/www.macquero.com\/en\/wp-json\/wp\/v2\/posts"}],"about":[{"href":"https:\/\/www.macquero.com\/en\/wp-json\/wp\/v2\/types\/post"}],"author":[{"embeddable":true,"href":"https:\/\/www.macquero.com\/en\/wp-json\/wp\/v2\/users\/2"}],"replies":[{"embeddable":true,"href":"https:\/\/www.macquero.com\/en\/wp-json\/wp\/v2\/comments?post=3755"}],"version-history":[{"count":0,"href":"https:\/\/www.macquero.com\/en\/wp-json\/wp\/v2\/posts\/3755\/revisions"}],"wp:featuredmedia":[{"embeddable":true,"href":"https:\/\/www.macquero.com\/en\/wp-json\/wp\/v2\/media\/3759"}],"wp:attachment":[{"href":"https:\/\/www.macquero.com\/en\/wp-json\/wp\/v2\/media?parent=3755"}],"wp:term":[{"taxonomy":"category","embeddable":true,"href":"https:\/\/www.macquero.com\/en\/wp-json\/wp\/v2\/categories?post=3755"},{"taxonomy":"post_tag","embeddable":true,"href":"https:\/\/www.macquero.com\/en\/wp-json\/wp\/v2\/tags?post=3755"}],"curies":[{"name":"wp","href":"https:\/\/api.w.org\/{rel}","templated":true}]}}