{"id":3751,"date":"2018-02-18T05:27:53","date_gmt":"2018-02-18T10:27:53","guid":{"rendered":"http:\/\/www.macquero.com\/?p=3751"},"modified":"2019-02-14T20:42:33","modified_gmt":"2019-02-15T01:42:33","slug":"descarga-bear-en-la-mac-app-store-y-app-store","status":"publish","type":"post","link":"https:\/\/www.macquero.com\/en\/2018\/02\/descarga-bear-en-la-mac-app-store-y-app-store\/","title":{"rendered":"Descarga: Bear en la Mac App Store y App Store"},"content":{"rendered":"<p>Cuando se trata de notas o momentos creativos, qu\u00e9 procuramos dejar en algunos de nuestros proyectos. Algunos usan la aplicaci\u00f3n nativa de notas de Apple.<\/p>\n<p>Hoy les vengo a hablar de forma sencilla, de una aplicaci\u00f3n que podr\u00eda ser: lo qu\u00e9 est\u00e9n buscando para trabajar de forma m\u00e1s organizada.<\/p>\n<h1>Bear<\/h1>\n<p>Nuestra opini\u00f3n:<\/p>\n<ul>\n<li>Sincronizaci\u00f3n mediante <strong>iCloud entre dispositivos<\/strong>: Si normalmente trabajas con varios dispositivos (iPhone, iPad, Mac\u2026) seguramente te gustar\u00e1 tener todas tus notas sincronizadas de forma imperceptible. (Est\u00e1 caracter\u00edstica est\u00e1 vinculada, con la compra de su versi\u00f3n <strong>PRO<\/strong>, mediante una suscripci\u00f3n de pago mensual).<\/li>\n<li><strong>Organizaci\u00f3n mediante etiquetas:<\/strong> No te compliques con carpetas y nombres ordenados alfab\u00e9ticamente, con Bear puedes utilizar <strong>#hastags<\/strong> dentro de las propias notas y autom\u00e1ticamente la app los detectar\u00e1 y te los mostrar\u00e1 en la barra lateral.<\/li>\n<\/ul>\n<blockquote><p>La funcionalidad de est\u00e1 caracter\u00edstica, la convierte en una herramienta de trabajo poderosa. <strong>\u00a1Simplemente incre\u00edble!<\/strong><\/p><\/blockquote>\n<ul>\n<li>Posee una interfaz, qu\u00e9 en mi opini\u00f3n, no tienen las otras apps qu\u00e9 he venido probando, al instalar el app de forma gratuita, cuentas con un completo tutorial intuitivo en cada nota y en cada <strong>#hastag<\/strong>, para decirte c\u00f3mo deber\u00edas personalizar tus propias notas. Su interfaz de corte minimalista, nos ayuda a poner en pr\u00e1ctica cualquier idea qu\u00e9 tengamos y posee peque\u00f1os men\u00fas imperceptibles, con opciones de car\u00e1cter a\u00f1adido listo para usarse.<\/li>\n<li>Cuenta con soporte para <strong>Apple Watch<\/strong>.<\/li>\n<\/ul>\n<p><img loading=\"lazy\" decoding=\"async\" class=\"aligncenter size-large wp-image-3753\" src=\"\/wp-content\/uploads\/2018\/02\/Captura-de-pantalla-2018-02-18-a-las-6.01.46-a.m.-940x517.png\" alt=\"\" width=\"940\" height=\"517\" srcset=\"https:\/\/www.macquero.com\/wp-content\/uploads\/2018\/02\/Captura-de-pantalla-2018-02-18-a-las-6.01.46-a.m.-940x517.png 940w, https:\/\/www.macquero.com\/wp-content\/uploads\/2018\/02\/Captura-de-pantalla-2018-02-18-a-las-6.01.46-a.m.-300x165.png 300w, https:\/\/www.macquero.com\/wp-content\/uploads\/2018\/02\/Captura-de-pantalla-2018-02-18-a-las-6.01.46-a.m.-620x341.png 620w, https:\/\/www.macquero.com\/wp-content\/uploads\/2018\/02\/Captura-de-pantalla-2018-02-18-a-las-6.01.46-a.m.-768x422.png 768w, https:\/\/www.macquero.com\/wp-content\/uploads\/2018\/02\/Captura-de-pantalla-2018-02-18-a-las-6.01.46-a.m.-770x423.png 770w, https:\/\/www.macquero.com\/wp-content\/uploads\/2018\/02\/Captura-de-pantalla-2018-02-18-a-las-6.01.46-a.m..png 1601w\" sizes=\"auto, (max-width: 940px) 100vw, 940px\" \/><\/p>\n<p>Es de <strong>descarga gratuita<\/strong> en la Mac App Store y App Store, pero tiene opciones de pago, para habilitar algunas caracter\u00edsticas:<\/p>\n<ul>\n<li>Exportaci\u00f3n avanzada a PDF, DOCX, HTML, JPG<\/li>\n<li>Sincronizaci\u00f3n de las notas en todos sus dispositivos<\/li>\n<li>Ocho magn\u00edficos temas de aplicaci\u00f3n para que pueda obtener el entorno de escritura \u00f3ptimo, con m\u00e1s temas en camino.<\/li>\n<\/ul>\n<p><strong>Recomendada 100% por Macquero<\/strong>. Estoy seguro, qu\u00e9 la amar\u00e1s.<\/p>\n<p>Mac App Store<\/p>\n<p><a href=\"https:\/\/itunes.apple.com\/mx\/app\/bear\/id1091189122?mt=12\" target=\"_blank\" rel=\"noopener\">https:\/\/itunes.apple.com\/mx\/app\/bear\/id1091189122?mt=12<\/a><\/p>\n<p>App Store<\/p>\n<p><a href=\"https:\/\/itunes.apple.com\/mx\/app\/bear\/id1016366447?mt=8\" target=\"_blank\" rel=\"noopener\">https:\/\/itunes.apple.com\/mx\/app\/bear\/id1016366447?mt=8<\/a><\/p>","protected":false},"excerpt":{"rendered":"<p>Cuando se trata de notas o momentos creativos, qu\u00e9 procuramos dejar en algunos de nuestros proyectos. Algunos usan la aplicaci\u00f3n nativa de notas de Apple. Hoy les vengo a hablar de forma sencilla, de una aplicaci\u00f3n que podr\u00eda ser: lo qu\u00e9 est\u00e9n buscando para trabajar de forma m\u00e1s organizada. Bear Nuestra opini\u00f3n: Sincronizaci\u00f3n mediante iCloud &hellip;<\/p>","protected":false},"author":2,"featured_media":3752,"comment_status":"open","ping_status":"open","sticky":false,"template":"","format":"standard","meta":{"jetpack_post_was_ever_published":false,"_jetpack_newsletter_access":"","_jetpack_dont_email_post_to_subs":false,"_jetpack_newsletter_tier_id":0,"_jetpack_memberships_contains_paywalled_content":false,"_jetpack_memberships_contains_paid_content":false,"footnotes":"","jetpack_publicize_message":"","jetpack_publicize_feature_enabled":true,"jetpack_social_post_already_shared":true,"jetpack_social_options":{"image_generator_settings":{"template":"highway","default_image_id":0,"font":"","enabled":false},"version":2}},"categories":[46,371],"tags":[134],"class_list":["post-3751","post","type-post","status-publish","format-standard","has-post-thumbnail","hentry","category-apps","category-mac","tag-productividad"],"jetpack_publicize_connections":[],"jetpack_featured_media_url":"https:\/\/www.macquero.com\/wp-content\/uploads\/2018\/02\/Captura-de-pantalla-2018-02-18-a-las-6.19.32-a.m..png","jetpack_sharing_enabled":true,"_links":{"self":[{"href":"https:\/\/www.macquero.com\/en\/wp-json\/wp\/v2\/posts\/3751","targetHints":{"allow":["GET"]}}],"collection":[{"href":"https:\/\/www.macquero.com\/en\/wp-json\/wp\/v2\/posts"}],"about":[{"href":"https:\/\/www.macquero.com\/en\/wp-json\/wp\/v2\/types\/post"}],"author":[{"embeddable":true,"href":"https:\/\/www.macquero.com\/en\/wp-json\/wp\/v2\/users\/2"}],"replies":[{"embeddable":true,"href":"https:\/\/www.macquero.com\/en\/wp-json\/wp\/v2\/comments?post=3751"}],"version-history":[{"count":1,"href":"https:\/\/www.macquero.com\/en\/wp-json\/wp\/v2\/posts\/3751\/revisions"}],"predecessor-version":[{"id":6463,"href":"https:\/\/www.macquero.com\/en\/wp-json\/wp\/v2\/posts\/3751\/revisions\/6463"}],"wp:featuredmedia":[{"embeddable":true,"href":"https:\/\/www.macquero.com\/en\/wp-json\/wp\/v2\/media\/3752"}],"wp:attachment":[{"href":"https:\/\/www.macquero.com\/en\/wp-json\/wp\/v2\/media?parent=3751"}],"wp:term":[{"taxonomy":"category","embeddable":true,"href":"https:\/\/www.macquero.com\/en\/wp-json\/wp\/v2\/categories?post=3751"},{"taxonomy":"post_tag","embeddable":true,"href":"https:\/\/www.macquero.com\/en\/wp-json\/wp\/v2\/tags?post=3751"}],"curies":[{"name":"wp","href":"https:\/\/api.w.org\/{rel}","templated":true}]}}