{"id":3639,"date":"2018-02-12T16:21:14","date_gmt":"2018-02-12T21:21:14","guid":{"rendered":"http:\/\/www.macquero.com\/?p=3639"},"modified":"2019-06-16T10:30:10","modified_gmt":"2019-06-16T15:30:10","slug":"coco-pelicula-recomendada-disponible-en-itunes","status":"publish","type":"post","link":"https:\/\/www.macquero.com\/en\/2018\/02\/coco-pelicula-recomendada-disponible-en-itunes\/","title":{"rendered":"Coco: pel\u00edcula recomendada disponible en iTunes"},"content":{"rendered":"<h2>Opini\u00f3n:<\/h2>\n<p class=\"p2\"><span class=\"s1\">Pixar ha creado de forma original, 19 largometrajes animados producidos bajo la bandera de <a href=\"https:\/\/es.wikipedia.org\/wiki\/Walt_Disney_Pictures\"><span class=\"s2\">Walt Disney Pictures.<\/span><\/a><\/span><\/p>\n<p class=\"p3\"><span class=\"s1\">Coco tiene un enfoque bastante adulto que la hace recomendable para ni\u00f1os mayores de 12 a\u00f1os, al menos, por la profundidad de los temas que maneja: &#8220;el perd\u00f3n, los recuerdos (canalizados en la memoria),&nbsp;el legado&#8230;&#8221; Los m\u00e1s peque\u00f1os quiz\u00e1s no comprendan la cuenca del esbozo de est\u00e1 historia, sin embargo indistintamente ser\u00e1n capaces de encontrar la magia de cada uno de sus personajes.<\/span><\/p>\n<p class=\"p3\"><span class=\"s1\">El film nos deja ver referencias culturales a los t\u00f3tems mexicanos como <strong>Frida Kahlo<\/strong> y <strong>Jorge Negrete<\/strong>&nbsp;piezas constantes con gui\u00f1os a otras producciones de Disney. Pero adem\u00e1s en el hermos\u00edsimo callej\u00f3n visual, podemos ser capaces de advertir <a href=\"https:\/\/es.wikipedia.org\/wiki\/Alebrije\" target=\"_blank\" rel=\"noopener\">alebrijes<\/a>, <a href=\"https:\/\/es.wikipedia.org\/wiki\/Xoloitzcuintle\" target=\"_blank\" rel=\"noopener\">xoloitzcuintles<\/a>, <a href=\"https:\/\/es.wikipedia.org\/wiki\/Tagetes_erecta\" target=\"_blank\" rel=\"noopener\">flores de cempas\u00fachil<\/a>, tamales y <a href=\"https:\/\/es.wikipedia.org\/wiki\/Papel_picado\" target=\"_blank\" rel=\"noopener\">papel picado<\/a>&#8230;<\/span><\/p>\n<p class=\"p3\"><span class=\"s1\">Esto quiere decir, l\u00f3gicamente, que el equipo de producci\u00f3n &#8220;se ha preocupado por llevar un gui\u00f3n acertado&#8221; document\u00e1ndose y profundizando en la cultura de una poblaci\u00f3n muy concreta y no se ha limitado, por decirlo as\u00ed, en una est\u00e9tica vac\u00eda, <strong>el resultado:<\/strong> en lo personal, nos lleva a algo m\u00e1s arraigado y trascendental: lo que sustenta <strong>el D\u00eda de los Muertos:<\/strong> celebraci\u00f3n de la vida agasajando a los que ya no est\u00e1n con nosotros en nuestras vidas.<\/span><\/p>\n<p><img loading=\"lazy\" decoding=\"async\" class=\"aligncenter size-large wp-image-3642\" src=\"\/wp-content\/uploads\/2018\/02\/Captura-de-pantalla-2018-02-12-a-las-5.17.37-p.m.-940x421.png\" alt=\"\" width=\"940\" height=\"421\" srcset=\"https:\/\/www.macquero.com\/wp-content\/uploads\/2018\/02\/Captura-de-pantalla-2018-02-12-a-las-5.17.37-p.m.-940x421.png 940w, https:\/\/www.macquero.com\/wp-content\/uploads\/2018\/02\/Captura-de-pantalla-2018-02-12-a-las-5.17.37-p.m.-300x134.png 300w, https:\/\/www.macquero.com\/wp-content\/uploads\/2018\/02\/Captura-de-pantalla-2018-02-12-a-las-5.17.37-p.m.-620x278.png 620w, https:\/\/www.macquero.com\/wp-content\/uploads\/2018\/02\/Captura-de-pantalla-2018-02-12-a-las-5.17.37-p.m.-768x344.png 768w, https:\/\/www.macquero.com\/wp-content\/uploads\/2018\/02\/Captura-de-pantalla-2018-02-12-a-las-5.17.37-p.m.-770x345.png 770w, https:\/\/www.macquero.com\/wp-content\/uploads\/2018\/02\/Captura-de-pantalla-2018-02-12-a-las-5.17.37-p.m..png 1671w\" sizes=\"auto, (max-width: 940px) 100vw, 940px\" \/><\/p>\n<p class=\"p3\"><span class=\"s1\">Con un cierre excepcional, el viaje culmina de una forma muy emotiva que har\u00e1 que a m\u00e1s de uno se les salgan unas l\u00e1grimas. <\/span><strong><span class=\"s3\">&#8220;Recu\u00e9rdame y vivir\u00e9 para siempre.&#8221; S\u00ed has perdido a un ser querido, est\u00e1 pel\u00edcula te llegar\u00e1. C\u00f3mo lo ha hecho conmigo.<\/span><\/strong><\/p>\n<p class=\"p3\"><span class=\"s1\">Si aguantas hasta el final de los cr\u00e9ditos, volver\u00e1s a emocionarte ya que hay una especie de <strong>ep\u00edlogo-tributo<\/strong> a los grandes inspiradores de los propios creadores de la pel\u00edcula.<\/span><\/p>\n<h2>Trailer destinado para Latinoam\u00e9rica<\/h2>\n<p><span class=\"embed-youtube\" style=\"text-align:center; display: block;\"><iframe loading=\"lazy\" class=\"youtube-player\" width=\"640\" height=\"360\" src=\"https:\/\/www.youtube.com\/embed\/awzWdtCezDo?version=3&#038;rel=1&#038;showsearch=0&#038;showinfo=1&#038;iv_load_policy=1&#038;fs=1&#038;hl=en-US&#038;autohide=2&#038;wmode=transparent\" allowfullscreen=\"true\" style=\"border:0;\" sandbox=\"allow-scripts allow-same-origin allow-popups allow-presentation allow-popups-to-escape-sandbox\"><\/iframe><\/span><\/p>\n<h2 class=\"p3\"><strong><span class=\"s1\">Sipnosis<\/span><\/strong><\/h2>\n<p class=\"p3\"><span class=\"s1\">La historia sigue a un ni\u00f1o de doce a\u00f1os de edad llamado Miguel, que vive con su familia en una zona rural de M\u00e9xico, y cuyo sue\u00f1o es la m\u00fasica y tocar la guitarra. <\/span><\/p>\n<p class=\"p3\"><span class=\"s1\">Miguel desencadenar\u00e1 una serie de acontecimientos extraordinarios relacionados con un misterio centenario. <\/span><\/p>\n<p class=\"p3\"><span class=\"s1\">La festividad del D\u00eda de los Muertos servir\u00e1 como tel\u00f3n de fondo para que nuestro protagonista se pregunte de d\u00f3nde viene, cu\u00e1l es su lugar dentro de su familia, y c\u00f3mo se han entretejido las relaciones familiares a trav\u00e9s del tiempo. Una celebraci\u00f3n a la vida, a la familia, los recuerdos y la conexi\u00f3n a trav\u00e9s de diversas generaciones.<\/span><\/p>\n<p>Conclusi\u00f3n:<\/p>\n<p>\u00bfA\u00fan no la has visto? \u00bfQu\u00e9 esperas? Te dejo el enlace de est\u00e1 pel\u00edcula en el <a href=\"https:\/\/itunes.apple.com\/mx\/movie\/coco-2017\/id1299376168\" target=\"_blank\" rel=\"noopener\">iTunes Store<\/a>.<\/p>","protected":false},"excerpt":{"rendered":"<p>Opini\u00f3n: Pixar ha creado de forma original, 19 largometrajes animados producidos bajo la bandera de Walt Disney Pictures. Coco tiene un enfoque bastante adulto que la hace recomendable para ni\u00f1os mayores de 12 a\u00f1os, al menos, por la profundidad de los temas que maneja: &#8220;el perd\u00f3n, los recuerdos (canalizados en la memoria),&nbsp;el legado&#8230;&#8221; Los m\u00e1s &hellip;<\/p>","protected":false},"author":2,"featured_media":6007,"comment_status":"open","ping_status":"open","sticky":false,"template":"","format":"standard","meta":{"jetpack_post_was_ever_published":false,"_jetpack_newsletter_access":"","_jetpack_dont_email_post_to_subs":false,"_jetpack_newsletter_tier_id":0,"_jetpack_memberships_contains_paywalled_content":false,"_jetpack_memberships_contains_paid_content":false,"footnotes":"","jetpack_publicize_message":"","jetpack_publicize_feature_enabled":true,"jetpack_social_post_already_shared":false,"jetpack_social_options":{"image_generator_settings":{"template":"highway","default_image_id":0,"font":"","enabled":false},"version":2}},"categories":[685,686],"tags":[303],"class_list":["post-3639","post","type-post","status-publish","format-standard","has-post-thumbnail","hentry","category-cine","category-para-toda-la-familia","tag-drama"],"jetpack_publicize_connections":[],"jetpack_featured_media_url":"https:\/\/www.macquero.com\/wp-content\/uploads\/2018\/02\/www.macquero.com-coco-pelicula-recomendada-disponible-en-itunes-captura-de-pantalla-2019-02-14-a-las-1.03.28-p.-m..png","jetpack_sharing_enabled":true,"_links":{"self":[{"href":"https:\/\/www.macquero.com\/en\/wp-json\/wp\/v2\/posts\/3639","targetHints":{"allow":["GET"]}}],"collection":[{"href":"https:\/\/www.macquero.com\/en\/wp-json\/wp\/v2\/posts"}],"about":[{"href":"https:\/\/www.macquero.com\/en\/wp-json\/wp\/v2\/types\/post"}],"author":[{"embeddable":true,"href":"https:\/\/www.macquero.com\/en\/wp-json\/wp\/v2\/users\/2"}],"replies":[{"embeddable":true,"href":"https:\/\/www.macquero.com\/en\/wp-json\/wp\/v2\/comments?post=3639"}],"version-history":[{"count":1,"href":"https:\/\/www.macquero.com\/en\/wp-json\/wp\/v2\/posts\/3639\/revisions"}],"predecessor-version":[{"id":6009,"href":"https:\/\/www.macquero.com\/en\/wp-json\/wp\/v2\/posts\/3639\/revisions\/6009"}],"wp:featuredmedia":[{"embeddable":true,"href":"https:\/\/www.macquero.com\/en\/wp-json\/wp\/v2\/media\/6007"}],"wp:attachment":[{"href":"https:\/\/www.macquero.com\/en\/wp-json\/wp\/v2\/media?parent=3639"}],"wp:term":[{"taxonomy":"category","embeddable":true,"href":"https:\/\/www.macquero.com\/en\/wp-json\/wp\/v2\/categories?post=3639"},{"taxonomy":"post_tag","embeddable":true,"href":"https:\/\/www.macquero.com\/en\/wp-json\/wp\/v2\/tags?post=3639"}],"curies":[{"name":"wp","href":"https:\/\/api.w.org\/{rel}","templated":true}]}}