{"id":27051,"date":"2026-09-05T17:59:25","date_gmt":"2026-09-05T23:59:25","guid":{"rendered":"https:\/\/www.macquero.com\/?p=27051"},"modified":"2026-09-05T18:00:23","modified_gmt":"2026-09-06T00:00:23","slug":"punto-de-inflexion-generacion-11s-disponible-en-netflix","status":"publish","type":"post","link":"https:\/\/www.macquero.com\/en\/2026\/09\/punto-de-inflexion-generacion-11s-disponible-en-netflix\/","title":{"rendered":"Punto de inflexi\u00f3n: Generaci\u00f3n 11S. Disponible en Netflix"},"content":{"rendered":"<h3 class=\"wp-block-heading\"><strong>&#x2b50; Mi rese\u00f1a: 8\/10<\/strong><\/h3>\n\n\n\n<p>La pel\u00edcula parte de una idea muy interesante:&nbsp;<strong>no contar nuevamente el 11-S, sino contar lo que el 11-S hizo con quienes nacieron alrededor de ese momento<\/strong>. Veinticinco a\u00f1os despu\u00e9s, seguimos viendo las consecuencias en personas que eran beb\u00e9s o ni\u00f1os cuando ocurrieron los atentados.&nbsp;&nbsp;<\/p>\n\n\n\n<p>Lo mejor est\u00e1 precisamente ah\u00ed. Los testimonios personales hacen que el documental deje de ser simplemente una reconstrucci\u00f3n hist\u00f3rica y se convierta en una reflexi\u00f3n sobre&nbsp;<strong>la herencia de un acontecimiento que cambi\u00f3 una generaci\u00f3n completa<\/strong>.<\/p>\n\n\n\n<p>Tambi\u00e9n conecta el 11-S con Afganist\u00e1n, la guerra contra el terrorismo, la retirada estadounidense de 2021, la inmigraci\u00f3n y las consecuencias sociales que todav\u00eda permanecen. El problema es que&nbsp;<strong>97 minutos no alcanzan para semejante equipaje hist\u00f3rico<\/strong>. Varias historias quedan apenas esbozadas y el documental salta r\u00e1pidamente de un tema a otro.&nbsp;&nbsp;<\/p>\n\n\n\n<h3 class=\"wp-block-heading\"><strong>Lo que m\u00e1s me gust\u00f3<\/strong><\/h3>\n\n\n\n<p><strong>No intenta convertir el 11-S en una postal hist\u00f3rica.<\/strong>&nbsp;Lo muestra como el comienzo de una cadena de acontecimientos que todav\u00eda no ha terminado.<\/p>\n\n\n\n<p>Y hay algo especialmente potente: para una parte importante de los j\u00f3venes actuales, el 11-S ya no es un recuerdo personal. Es historia heredada. El documental intenta explicarles&nbsp;<strong>qu\u00e9 mundo recibieron y por qu\u00e9 es as\u00ed<\/strong>.&nbsp;&nbsp;<\/p>\n\n\n\n<h3 class=\"wp-block-heading\"><strong>Lo que le reprocho<\/strong><\/h3>\n\n\n\n<p>Creo que habr\u00eda funcionado mucho mejor como\u00a0<strong>miniserie de 3 o 4 episodios<\/strong>. La pel\u00edcula quiere hablar de demasiadas cosas: terrorismo, guerras, Afganist\u00e1n, identidad, inmigraci\u00f3n, veteranos, pol\u00edtica estadounidense y trauma generacional. Todo eso merece m\u00e1s ox\u00edgeno.\u00a0\u00a0&#x1f937;&#x1f3fb;&#x200d;&#x2642;&#xfe0f;<\/p>\n\n\n\n<p><strong>Veredicto:<\/strong>&nbsp;si ya viste&nbsp;<em>Punto de inflexi\u00f3n: El 11S y la guerra contra el terrorismo<\/em>&nbsp;de 2021, esta funciona como una especie de ep\u00edlogo generacional. Si no la has visto, incluso te recomendar\u00eda empezar por aquella y despu\u00e9s ver esta. La primera explica&nbsp;<strong>c\u00f3mo llegamos hasta all\u00ed<\/strong>; esta intenta explicar&nbsp;<strong>qu\u00e9 mundo qued\u00f3 despu\u00e9s<\/strong>.&nbsp;<\/p>","protected":false},"excerpt":{"rendered":"<p>&#x2b50; Mi rese\u00f1a: 8\/10 La pel\u00edcula parte de una idea muy interesante:&nbsp;no contar nuevamente el 11-S, sino contar lo que el 11-S hizo con quienes nacieron alrededor de ese momento. Veinticinco a\u00f1os despu\u00e9s, seguimos viendo las consecuencias en personas que eran beb\u00e9s o ni\u00f1os cuando ocurrieron los atentados.&nbsp;&nbsp; Lo mejor est\u00e1 precisamente ah\u00ed. Los testimonios &hellip;<\/p>","protected":false},"author":2,"featured_media":27056,"comment_status":"closed","ping_status":"open","sticky":false,"template":"","format":"standard","meta":{"_jetpack_newsletter_access":"","_jetpack_dont_email_post_to_subs":false,"_jetpack_newsletter_tier_id":0,"_jetpack_memberships_contains_paywalled_content":false,"_jetpack_memberships_contains_paid_content":false,"footnotes":"","jetpack_publicize_message":"","jetpack_publicize_feature_enabled":true,"jetpack_social_post_already_shared":true,"jetpack_social_options":{"image_generator_settings":{"template":"highway","default_image_id":0,"font":"","enabled":false},"version":2},"jetpack_post_was_ever_published":false},"categories":[734,1839,733],"tags":[2194],"class_list":["post-27051","post","type-post","status-publish","format-standard","has-post-thumbnail","hentry","category-documentales","category-netflix-bridge","category-originales-de-netflix","tag-generacion11s"],"jetpack_publicize_connections":[],"jetpack_featured_media_url":"https:\/\/www.macquero.com\/wp-content\/uploads\/2026\/09\/pu.jpg","jetpack_sharing_enabled":true,"_links":{"self":[{"href":"https:\/\/www.macquero.com\/en\/wp-json\/wp\/v2\/posts\/27051","targetHints":{"allow":["GET"]}}],"collection":[{"href":"https:\/\/www.macquero.com\/en\/wp-json\/wp\/v2\/posts"}],"about":[{"href":"https:\/\/www.macquero.com\/en\/wp-json\/wp\/v2\/types\/post"}],"author":[{"embeddable":true,"href":"https:\/\/www.macquero.com\/en\/wp-json\/wp\/v2\/users\/2"}],"replies":[{"embeddable":true,"href":"https:\/\/www.macquero.com\/en\/wp-json\/wp\/v2\/comments?post=27051"}],"version-history":[{"count":4,"href":"https:\/\/www.macquero.com\/en\/wp-json\/wp\/v2\/posts\/27051\/revisions"}],"predecessor-version":[{"id":27055,"href":"https:\/\/www.macquero.com\/en\/wp-json\/wp\/v2\/posts\/27051\/revisions\/27055"}],"wp:featuredmedia":[{"embeddable":true,"href":"https:\/\/www.macquero.com\/en\/wp-json\/wp\/v2\/media\/27056"}],"wp:attachment":[{"href":"https:\/\/www.macquero.com\/en\/wp-json\/wp\/v2\/media?parent=27051"}],"wp:term":[{"taxonomy":"category","embeddable":true,"href":"https:\/\/www.macquero.com\/en\/wp-json\/wp\/v2\/categories?post=27051"},{"taxonomy":"post_tag","embeddable":true,"href":"https:\/\/www.macquero.com\/en\/wp-json\/wp\/v2\/tags?post=27051"}],"curies":[{"name":"wp","href":"https:\/\/api.w.org\/{rel}","templated":true}]}}