{"id":27013,"date":"2026-08-31T09:57:59","date_gmt":"2026-08-31T15:57:59","guid":{"rendered":"https:\/\/www.macquero.com\/?p=27013"},"modified":"2026-08-31T10:00:39","modified_gmt":"2026-08-31T16:00:39","slug":"la-viuda-negra-cuando-la-normalidad-esconde-un-crimen-disponible-en-netflix","status":"publish","type":"post","link":"https:\/\/www.macquero.com\/en\/2026\/08\/la-viuda-negra-cuando-la-normalidad-esconde-un-crimen-disponible-en-netflix\/","title":{"rendered":"La Viuda Negra: cuando la normalidad esconde un crimen. Disponible en Netflix"},"content":{"rendered":"<p><em>La viuda negra<\/em>, dirigida por Carlos Sedes, es un thriller espa\u00f1ol de&nbsp;<strong>true crime<\/strong>&nbsp;inspirado en el asesinato de Antonio Navarro en Valencia en 2017, conocido como el caso de la&nbsp;<em>viuda negra de Patraix<\/em>. Est\u00e1 protagonizada por Ivana Baquero, Carmen Machi y Trist\u00e1n Ulloa. Netflix la estren\u00f3 el 30 de mayo de 2025.&nbsp;<\/p>\n\n\n\n<p><strong>Mi valoraci\u00f3n: 7\/10.<\/strong><\/p>\n\n\n\n<p>Lo mejor de la pel\u00edcula es que&nbsp;<strong>no necesita inventarse demasiado<\/strong>, porque el caso real ya parece escrito por un guionista con problemas de conciencia. La historia de Maje, una mujer aparentemente dulce y normal cuya vida escond\u00eda una compleja red de relaciones, termina conduciendo a un asesinato. La investigaci\u00f3n policial va desmontando poco a poco esa fachada.&nbsp;&nbsp;<\/p>\n\n\n\n<h3 class=\"wp-block-heading\"><strong>&#x1f575;&#xfe0f; Lo que funciona<\/strong><\/h3>\n\n\n\n<p><strong>Ivana Baquero est\u00e1 muy bien.<\/strong>&nbsp;Su interpretaci\u00f3n de Maje evita convertirla simplemente en una villana de caricatura. Hay una frialdad y una ambig\u00fcedad bastante inc\u00f3modas en el personaje, precisamente porque la pel\u00edcula intenta mostrar la normalidad detr\u00e1s del crimen.<\/p>\n\n\n\n<p><strong>Carmen Machi tambi\u00e9n destaca<\/strong>&nbsp;como la inspectora encargada de la investigaci\u00f3n. Su personaje aporta el contrapunto racional frente a una historia llena de contradicciones y secretos.&nbsp;<\/p>\n\n\n\n<p>La pel\u00edcula adem\u00e1s se beneficia de haber sido realizada por parte del equipo de&nbsp;<em>El caso Asunta<\/em>, algo que se nota en el inter\u00e9s por reconstruir el caso desde la investigaci\u00f3n y la documentaci\u00f3n.&nbsp;&nbsp;<\/p>\n\n\n\n<h3 class=\"wp-block-heading\"><strong>&#x1f971; Donde pierde fuerza<\/strong><\/h3>\n\n\n\n<p>Aqu\u00ed est\u00e1 el problema:&nbsp;<strong>como thriller cinematogr\u00e1fico, es bastante m\u00e1s fr\u00eda que el caso real<\/strong>.<\/p>\n\n\n\n<p>La intenci\u00f3n de no convertir a Maje en una especie de celebridad criminal es comprensible y, de hecho, bastante acertada. Pero esa prudencia tambi\u00e9n le quita combustible dram\u00e1tico. La pel\u00edcula puede sentirse demasiado contenida y, por momentos, incluso algo r\u00edgida. <\/p>\n\n\n\n<p>Adem\u00e1s, si ya conoces el caso de Patraix,&nbsp;<strong>el factor sorpresa desaparece pr\u00e1cticamente por completo<\/strong>. El inter\u00e9s est\u00e1 entonces en ver c\u00f3mo reconstruyen los acontecimientos y c\u00f3mo funcionan las interpretaciones.<\/p>\n\n\n\n<h3 class=\"wp-block-heading\"><strong>&#x1fa78; \u00bfVale la pena?<\/strong><\/h3>\n\n\n\n<p><strong>S\u00ed, especialmente si te gusta el true crime.<\/strong>&nbsp;No esperes una pel\u00edcula fren\u00e9tica ni un thriller lleno de giros espectaculares. Su atractivo est\u00e1 m\u00e1s en la psicolog\u00eda de los personajes, la investigaci\u00f3n y en esa pregunta bastante perturbadora:&nbsp;<strong>\u00bfc\u00f3mo puede alguien aparentemente normal terminar involucrado en algo as\u00ed?<\/strong><\/p>\n\n\n\n<p>Y quiz\u00e1 lo m\u00e1s inquietante es precisamente eso: la pel\u00edcula no presenta el crimen como algo extraordinario protagonizado por monstruos evidentes, sino como algo que ocurre detr\u00e1s de una fachada de absoluta normalidad.<\/p>\n\n\n\n<p><strong>Veredicto:<\/strong>&nbsp;&#x2b50;&nbsp;<strong>7\/10<\/strong><\/p>\n\n\n\n<p>Una buena pel\u00edcula de true crime, sobria y bien interpretada, pero demasiado contenida para convertirse en un thriller realmente memorable.&nbsp;<strong>El caso real es m\u00e1s perturbador que la pel\u00edcula.<\/strong>&nbsp;Y eso ya es decir bastante.<\/p>","protected":false},"excerpt":{"rendered":"<p>La viuda negra, dirigida por Carlos Sedes, es un thriller espa\u00f1ol de&nbsp;true crime&nbsp;inspirado en el asesinato de Antonio Navarro en Valencia en 2017, conocido como el caso de la&nbsp;viuda negra de Patraix. Est\u00e1 protagonizada por Ivana Baquero, Carmen Machi y Trist\u00e1n Ulloa. Netflix la estren\u00f3 el 30 de mayo de 2025.&nbsp; Mi valoraci\u00f3n: 7\/10. Lo &hellip;<\/p>","protected":false},"author":2,"featured_media":27017,"comment_status":"closed","ping_status":"open","sticky":false,"template":"","format":"standard","meta":{"_jetpack_newsletter_access":"","_jetpack_dont_email_post_to_subs":false,"_jetpack_newsletter_tier_id":0,"_jetpack_memberships_contains_paywalled_content":false,"_jetpack_memberships_contains_paid_content":false,"footnotes":"","jetpack_publicize_message":"","jetpack_publicize_feature_enabled":true,"jetpack_social_post_already_shared":true,"jetpack_social_options":{"image_generator_settings":{"template":"highway","default_image_id":0,"font":"","enabled":false},"version":2},"jetpack_post_was_ever_published":false},"categories":[1839,733,766],"tags":[2172],"class_list":["post-27013","post","type-post","status-publish","format-standard","has-post-thumbnail","hentry","category-netflix-bridge","category-originales-de-netflix","category-cine-netflix","tag-crimenreal"],"jetpack_publicize_connections":[],"jetpack_featured_media_url":"https:\/\/www.macquero.com\/wp-content\/uploads\/2026\/08\/la-2-scaled.jpg","jetpack_sharing_enabled":true,"_links":{"self":[{"href":"https:\/\/www.macquero.com\/en\/wp-json\/wp\/v2\/posts\/27013","targetHints":{"allow":["GET"]}}],"collection":[{"href":"https:\/\/www.macquero.com\/en\/wp-json\/wp\/v2\/posts"}],"about":[{"href":"https:\/\/www.macquero.com\/en\/wp-json\/wp\/v2\/types\/post"}],"author":[{"embeddable":true,"href":"https:\/\/www.macquero.com\/en\/wp-json\/wp\/v2\/users\/2"}],"replies":[{"embeddable":true,"href":"https:\/\/www.macquero.com\/en\/wp-json\/wp\/v2\/comments?post=27013"}],"version-history":[{"count":4,"href":"https:\/\/www.macquero.com\/en\/wp-json\/wp\/v2\/posts\/27013\/revisions"}],"predecessor-version":[{"id":27019,"href":"https:\/\/www.macquero.com\/en\/wp-json\/wp\/v2\/posts\/27013\/revisions\/27019"}],"wp:featuredmedia":[{"embeddable":true,"href":"https:\/\/www.macquero.com\/en\/wp-json\/wp\/v2\/media\/27017"}],"wp:attachment":[{"href":"https:\/\/www.macquero.com\/en\/wp-json\/wp\/v2\/media?parent=27013"}],"wp:term":[{"taxonomy":"category","embeddable":true,"href":"https:\/\/www.macquero.com\/en\/wp-json\/wp\/v2\/categories?post=27013"},{"taxonomy":"post_tag","embeddable":true,"href":"https:\/\/www.macquero.com\/en\/wp-json\/wp\/v2\/tags?post=27013"}],"curies":[{"name":"wp","href":"https:\/\/api.w.org\/{rel}","templated":true}]}}