{"id":25821,"date":"2026-04-26T00:20:00","date_gmt":"2026-04-26T06:20:00","guid":{"rendered":"https:\/\/www.macquero.com\/?p=25821"},"modified":"2026-04-24T00:07:40","modified_gmt":"2026-04-24T06:07:40","slug":"el-profe-en-netflix-un-drama-frances-que-levanta-curiosidad-sin-haberla-visto-aun","status":"publish","type":"post","link":"https:\/\/www.macquero.com\/en\/2026\/04\/el-profe-en-netflix-un-drama-frances-que-levanta-curiosidad-sin-haberla-visto-aun\/","title":{"rendered":"El Profe en Netflix: un drama franc\u00e9s que levanta curiosidad (sin haberla visto a\u00fan)"},"content":{"rendered":"<p>Voy a dejarlo claro desde la primera l\u00ednea: no he visto&nbsp;<em>El Profe<\/em>. Nada. Ni un episodio. Pero con la informaci\u00f3n correcta sobre la mesa, ya cambia bastante el panorama frente a lo que imaginaba al inicio.<\/p>\n\n\n\n<p>Estamos hablando de una serie francesa estrenada en 2026, disponible en Netflix, con una temporada de 8 episodios. Ese detalle del origen no es menor. Francia tiene una forma muy particular de contar historias: m\u00e1s introspectiva, m\u00e1s pausada, menos preocupada por el espect\u00e1culo y m\u00e1s enfocada en los conflictos humanos. Eso, en un drama ambientado en el mundo educativo, puede jugar muy a favor.<\/p>\n\n\n\n<h2 class=\"wp-block-heading\">Narrativa<\/h2>\n\n\n\n<p>El g\u00e9nero se mueve dentro del drama social, y aqu\u00ed es donde empieza lo interesante. No es simplemente una serie sobre un profesor dando clases; todo apunta a una exploraci\u00f3n m\u00e1s profunda del entorno: estudiantes, tensiones culturales, presi\u00f3n institucional y ese desgaste silencioso que suele vivir quien intenta hacer bien su trabajo en un sistema imperfecto.<\/p>\n\n\n\n<h2 class=\"wp-block-heading\">Ahora bien, sin haberla visto, hay varios factores que pueden definir si esto funciona o no.<\/h2>\n\n\n\n<p>El primero, como siempre, es el guion. Una premisa como esta necesita personajes s\u00f3lidos y situaciones que se sientan reales, no forzadas. El riesgo de caer en clich\u00e9s est\u00e1 ah\u00ed: el profesor salvador, el alumno problem\u00e1tico de manual, el sistema como villano gen\u00e9rico. Si la serie logra esquivar esos lugares comunes y construir matices, ya tiene mucho ganado.<\/p>\n\n\n\n<p>El segundo punto clave ser\u00e1 el protagonista. En este tipo de historias, el profesor puede convertirse f\u00e1cilmente en un s\u00edmbolo m\u00e1s que en una persona. Lo interesante ser\u00eda verlo como alguien con contradicciones, l\u00edmites y errores. M\u00e1s humano que heroico. M\u00e1s real que inspiracional. Ah\u00ed es donde este tipo de relatos realmente conecta.<\/p>\n\n\n\n<p>Tambi\u00e9n me genera curiosidad el enfoque europeo en la narrativa. A diferencia de muchas producciones m\u00e1s comerciales, las series francesas suelen tomarse su tiempo. No buscan impactar cada cinco minutos, sino construir atm\u00f3sfera, incomodidad y reflexi\u00f3n. Eso puede ser un punto fuerte\u2026 o un freno, dependiendo de lo que cada espectador est\u00e9 buscando.<\/p>\n\n\n\n<h2 class=\"wp-block-heading\">Producci\u00f3n: <\/h2>\n\n\n\n<p>Visualmente, imagino una puesta en escena m\u00e1s sobria, m\u00e1s cercana, casi documental en algunos momentos. Espacios reales, iluminaci\u00f3n natural, c\u00e1mara que observa m\u00e1s de lo que interviene. Si va por ah\u00ed, puede reforzar esa sensaci\u00f3n de autenticidad.<\/p>\n\n\n\n<h2 class=\"wp-block-heading\">Opini\u00f3n del editor<\/h2>\n\n\n\n<p>Ahora, siendo completamente honesto: no es una serie que me genere urgencia. No est\u00e1 en modo \u201ctengo que verla ya\u201d. Est\u00e1 m\u00e1s bien en esa categor\u00eda de \u201cpuede sorprender si hace bien las cosas\u201d. Y a veces, esas son las que terminan dejando m\u00e1s huella.<\/p>\n\n\n\n<p>Mi plan es simple: <strong>ver al menos un episodio.<\/strong> Darle ese primer filtro real, no desde la teor\u00eda sino desde la experiencia. Porque una cosa es lo que promete\u2026 y otra muy distinta es lo que entrega.<\/p>\n\n\n\n<p>As\u00ed que esta no es una rese\u00f1a final. Es una lectura previa, m\u00e1s informativa que emocional. Una especie de radar encendido, esperando confirmar si hay algo potente detr\u00e1s de esos 8 episodios.<\/p>\n\n\n\n<p>Por ahora,&nbsp;<em>El Profe<\/em>&nbsp;se queda en observaci\u00f3n.<\/p>\n\n\n\n<p>Pronto sabr\u00e9 si ense\u00f1a algo\u2026 o si se queda solo en la intenci\u00f3n.<\/p>","protected":false},"excerpt":{"rendered":"<p>Voy a dejarlo claro desde la primera l\u00ednea: no he visto&nbsp;El Profe. Nada. Ni un episodio. Pero con la informaci\u00f3n correcta sobre la mesa, ya cambia bastante el panorama frente a lo que imaginaba al inicio. Estamos hablando de una serie francesa estrenada en 2026, disponible en Netflix, con una temporada de 8 episodios. Ese &hellip;<\/p>","protected":false},"author":2,"featured_media":25826,"comment_status":"closed","ping_status":"open","sticky":false,"template":"","format":"standard","meta":{"jetpack_post_was_ever_published":false,"_jetpack_newsletter_access":"","_jetpack_dont_email_post_to_subs":false,"_jetpack_newsletter_tier_id":0,"_jetpack_memberships_contains_paywalled_content":false,"_jetpack_memberships_contains_paid_content":false,"footnotes":"","jetpack_publicize_message":"","jetpack_publicize_feature_enabled":true,"jetpack_social_post_already_shared":true,"jetpack_social_options":{"image_generator_settings":{"template":"highway","default_image_id":0,"font":"","enabled":false},"version":2}},"categories":[1839,732],"tags":[2044],"class_list":["post-25821","post","type-post","status-publish","format-standard","has-post-thumbnail","hentry","category-netflix-bridge","category-series","tag-seriesfrancesas"],"jetpack_publicize_connections":[],"jetpack_featured_media_url":"https:\/\/www.macquero.com\/wp-content\/uploads\/2026\/04\/2.jpg","jetpack_sharing_enabled":true,"_links":{"self":[{"href":"https:\/\/www.macquero.com\/en\/wp-json\/wp\/v2\/posts\/25821","targetHints":{"allow":["GET"]}}],"collection":[{"href":"https:\/\/www.macquero.com\/en\/wp-json\/wp\/v2\/posts"}],"about":[{"href":"https:\/\/www.macquero.com\/en\/wp-json\/wp\/v2\/types\/post"}],"author":[{"embeddable":true,"href":"https:\/\/www.macquero.com\/en\/wp-json\/wp\/v2\/users\/2"}],"replies":[{"embeddable":true,"href":"https:\/\/www.macquero.com\/en\/wp-json\/wp\/v2\/comments?post=25821"}],"version-history":[{"count":4,"href":"https:\/\/www.macquero.com\/en\/wp-json\/wp\/v2\/posts\/25821\/revisions"}],"predecessor-version":[{"id":25825,"href":"https:\/\/www.macquero.com\/en\/wp-json\/wp\/v2\/posts\/25821\/revisions\/25825"}],"wp:featuredmedia":[{"embeddable":true,"href":"https:\/\/www.macquero.com\/en\/wp-json\/wp\/v2\/media\/25826"}],"wp:attachment":[{"href":"https:\/\/www.macquero.com\/en\/wp-json\/wp\/v2\/media?parent=25821"}],"wp:term":[{"taxonomy":"category","embeddable":true,"href":"https:\/\/www.macquero.com\/en\/wp-json\/wp\/v2\/categories?post=25821"},{"taxonomy":"post_tag","embeddable":true,"href":"https:\/\/www.macquero.com\/en\/wp-json\/wp\/v2\/tags?post=25821"}],"curies":[{"name":"wp","href":"https:\/\/api.w.org\/{rel}","templated":true}]}}